{"id":24066,"date":"2025-02-10T17:01:54","date_gmt":"2025-02-10T20:01:54","guid":{"rendered":"https:\/\/www.silvajardim.rj.gov.br\/?p=24066"},"modified":"2025-02-10T17:01:56","modified_gmt":"2025-02-10T20:01:56","slug":"prefeitura-de-silva-jardim-investe-em-melhorias-no-bairro-caxito","status":"publish","type":"post","link":"https:\/\/www.silvajardim.rj.gov.br\/index.php\/2025\/02\/10\/prefeitura-de-silva-jardim-investe-em-melhorias-no-bairro-caxito\/","title":{"rendered":"Prefeitura de Silva Jardim investe em melhorias no bairro Caxito"},"content":{"rendered":"\n<p>A Prefeitura de Silva Jardim segue avan\u00e7ando com importantes melhorias no bairro Caxito. Nesta segunda-feira (10), a equipe da Secretaria Municipal de Obras (SEMOSP) concluiu as obras de revitaliza\u00e7\u00e3o da Pra\u00e7a Ant\u00f4nio Ferreira, um espa\u00e7o fundamental para o lazer e conviv\u00eancia da comunidade. Al\u00e9m disso, o bairro est\u00e1 recebendo obras de drenagem e pavimenta\u00e7\u00e3o, trazendo ainda mais qualidade de vida para os moradores.<\/p>\n\n\n\n<p>As melhorias incluem a drenagem de ruas, pavimenta\u00e7\u00e3o com paralelep\u00edpedos, al\u00e9m da instala\u00e7\u00e3o de cal\u00e7adas e meios-fios. A Pra\u00e7a Ant\u00f4nio Ferreira recebeu novos brinquedos para as crian\u00e7as, novos bancos e uma nova estrutura. O equipamento ser\u00e1 inaugurado nos pr\u00f3ximos dias.<\/p>\n\n\n\n<p>O secret\u00e1rio municipal de Obras, Nilton J\u00fanior, destaca que essas interven\u00e7\u00f5es s\u00e3o essenciais para melhorar o dia a dia dos residentes, proporcionando mais conforto e seguran\u00e7a no local.<\/p>\n\n\n\n<p>\u201cA popula\u00e7\u00e3o do Caxito ser\u00e1 impactada positivamente com essas melhorias. A reforma da pra\u00e7a e as obras de drenagem e pavimenta\u00e7\u00e3o dar\u00e3o mais comodidade aos moradores e melhorar o acesso ao bairro\u201d, disse.<\/p>\n\n\n\n<figure class=\"wp-block-gallery has-nested-images columns-default is-cropped wp-block-gallery-1 is-layout-flex wp-block-gallery-is-layout-flex\">\n<figure class=\"wp-block-image size-large\"><img loading=\"lazy\" decoding=\"async\" width=\"1024\" height=\"682\" data-id=\"24071\" src=\"https:\/\/www.silvajardim.rj.gov.br\/wp-content\/uploads\/2025\/02\/IMG-20250210-WA0020-1024x682.jpg\" alt=\"\" class=\"wp-image-24071\" srcset=\"https:\/\/www.silvajardim.rj.gov.br\/wp-content\/uploads\/2025\/02\/IMG-20250210-WA0020-1024x682.jpg 1024w, https:\/\/www.silvajardim.rj.gov.br\/wp-content\/uploads\/2025\/02\/IMG-20250210-WA0020-300x200.jpg 300w, https:\/\/www.silvajardim.rj.gov.br\/wp-content\/uploads\/2025\/02\/IMG-20250210-WA0020-768x512.jpg 768w, https:\/\/www.silvajardim.rj.gov.br\/wp-content\/uploads\/2025\/02\/IMG-20250210-WA0020-1536x1023.jpg 1536w, https:\/\/www.silvajardim.rj.gov.br\/wp-content\/uploads\/2025\/02\/IMG-20250210-WA0020.jpg 1600w\" sizes=\"auto, (max-width: 1024px) 100vw, 1024px\" \/><\/figure>\n\n\n\n<figure class=\"wp-block-image size-large\"><img loading=\"lazy\" decoding=\"async\" width=\"1024\" height=\"682\" data-id=\"24070\" src=\"https:\/\/www.silvajardim.rj.gov.br\/wp-content\/uploads\/2025\/02\/IMG-20250210-WA0019-1024x682.jpg\" alt=\"\" class=\"wp-image-24070\" srcset=\"https:\/\/www.silvajardim.rj.gov.br\/wp-content\/uploads\/2025\/02\/IMG-20250210-WA0019-1024x682.jpg 1024w, https:\/\/www.silvajardim.rj.gov.br\/wp-content\/uploads\/2025\/02\/IMG-20250210-WA0019-300x200.jpg 300w, https:\/\/www.silvajardim.rj.gov.br\/wp-content\/uploads\/2025\/02\/IMG-20250210-WA0019-768x512.jpg 768w, https:\/\/www.silvajardim.rj.gov.br\/wp-content\/uploads\/2025\/02\/IMG-20250210-WA0019-1536x1023.jpg 1536w, https:\/\/www.silvajardim.rj.gov.br\/wp-content\/uploads\/2025\/02\/IMG-20250210-WA0019.jpg 1600w\" sizes=\"auto, (max-width: 1024px) 100vw, 1024px\" \/><\/figure>\n\n\n\n<figure class=\"wp-block-image size-large\"><img loading=\"lazy\" decoding=\"async\" width=\"1024\" height=\"682\" data-id=\"24068\" src=\"https:\/\/www.silvajardim.rj.gov.br\/wp-content\/uploads\/2025\/02\/IMG-20250210-WA0017-1-1024x682.jpg\" alt=\"\" class=\"wp-image-24068\" srcset=\"https:\/\/www.silvajardim.rj.gov.br\/wp-content\/uploads\/2025\/02\/IMG-20250210-WA0017-1-1024x682.jpg 1024w, https:\/\/www.silvajardim.rj.gov.br\/wp-content\/uploads\/2025\/02\/IMG-20250210-WA0017-1-300x200.jpg 300w, https:\/\/www.silvajardim.rj.gov.br\/wp-content\/uploads\/2025\/02\/IMG-20250210-WA0017-1-768x512.jpg 768w, https:\/\/www.silvajardim.rj.gov.br\/wp-content\/uploads\/2025\/02\/IMG-20250210-WA0017-1-1536x1023.jpg 1536w, https:\/\/www.silvajardim.rj.gov.br\/wp-content\/uploads\/2025\/02\/IMG-20250210-WA0017-1.jpg 1600w\" sizes=\"auto, (max-width: 1024px) 100vw, 1024px\" \/><\/figure>\n\n\n\n<figure class=\"wp-block-image size-large\"><img loading=\"lazy\" decoding=\"async\" width=\"1024\" height=\"682\" data-id=\"24069\" src=\"https:\/\/www.silvajardim.rj.gov.br\/wp-content\/uploads\/2025\/02\/IMG-20250210-WA0018-1024x682.jpg\" alt=\"\" class=\"wp-image-24069\" srcset=\"https:\/\/www.silvajardim.rj.gov.br\/wp-content\/uploads\/2025\/02\/IMG-20250210-WA0018-1024x682.jpg 1024w, https:\/\/www.silvajardim.rj.gov.br\/wp-content\/uploads\/2025\/02\/IMG-20250210-WA0018-300x200.jpg 300w, https:\/\/www.silvajardim.rj.gov.br\/wp-content\/uploads\/2025\/02\/IMG-20250210-WA0018-768x512.jpg 768w, https:\/\/www.silvajardim.rj.gov.br\/wp-content\/uploads\/2025\/02\/IMG-20250210-WA0018-1536x1023.jpg 1536w, https:\/\/www.silvajardim.rj.gov.br\/wp-content\/uploads\/2025\/02\/IMG-20250210-WA0018.jpg 1600w\" sizes=\"auto, (max-width: 1024px) 100vw, 1024px\" \/><\/figure>\n<\/figure>\n","protected":false},"excerpt":{"rendered":"<p>A Prefeitura de Silva Jardim segue avan\u00e7ando com importantes melhorias no bairro Caxito. Nesta segunda-feira (10), a equipe da Secretaria<\/p>\n","protected":false},"author":1,"featured_media":24068,"comment_status":"open","ping_status":"open","sticky":false,"template":"","format":"standard","meta":{"_mi_skip_tracking":false,"footnotes":""},"categories":[1],"tags":[],"class_list":["post-24066","post","type-post","status-publish","format-standard","has-post-thumbnail","hentry","category-sem-categoria"],"_links":{"self":[{"href":"https:\/\/www.silvajardim.rj.gov.br\/index.php\/wp-json\/wp\/v2\/posts\/24066","targetHints":{"allow":["GET"]}}],"collection":[{"href":"https:\/\/www.silvajardim.rj.gov.br\/index.php\/wp-json\/wp\/v2\/posts"}],"about":[{"href":"https:\/\/www.silvajardim.rj.gov.br\/index.php\/wp-json\/wp\/v2\/types\/post"}],"author":[{"embeddable":true,"href":"https:\/\/www.silvajardim.rj.gov.br\/index.php\/wp-json\/wp\/v2\/users\/1"}],"replies":[{"embeddable":true,"href":"https:\/\/www.silvajardim.rj.gov.br\/index.php\/wp-json\/wp\/v2\/comments?post=24066"}],"version-history":[{"count":1,"href":"https:\/\/www.silvajardim.rj.gov.br\/index.php\/wp-json\/wp\/v2\/posts\/24066\/revisions"}],"predecessor-version":[{"id":24072,"href":"https:\/\/www.silvajardim.rj.gov.br\/index.php\/wp-json\/wp\/v2\/posts\/24066\/revisions\/24072"}],"wp:featuredmedia":[{"embeddable":true,"href":"https:\/\/www.silvajardim.rj.gov.br\/index.php\/wp-json\/wp\/v2\/media\/24068"}],"wp:attachment":[{"href":"https:\/\/www.silvajardim.rj.gov.br\/index.php\/wp-json\/wp\/v2\/media?parent=24066"}],"wp:term":[{"taxonomy":"category","embeddable":true,"href":"https:\/\/www.silvajardim.rj.gov.br\/index.php\/wp-json\/wp\/v2\/categories?post=24066"},{"taxonomy":"post_tag","embeddable":true,"href":"https:\/\/www.silvajardim.rj.gov.br\/index.php\/wp-json\/wp\/v2\/tags?post=24066"}],"curies":[{"name":"wp","href":"https:\/\/api.w.org\/{rel}","templated":true}]}}