{"id":24509,"date":"2025-03-10T14:46:55","date_gmt":"2025-03-10T17:46:55","guid":{"rendered":"https:\/\/www.silvajardim.rj.gov.br\/?p=24509"},"modified":"2025-03-10T14:46:56","modified_gmt":"2025-03-10T17:46:56","slug":"aviso-importe","status":"publish","type":"post","link":"https:\/\/www.silvajardim.rj.gov.br\/index.php\/2025\/03\/10\/aviso-importe\/","title":{"rendered":"Aviso Importe!"},"content":{"rendered":"\n<p>A Secretaria de Educa\u00e7\u00e3o, Ci\u00eancia e Tecnologia informa que a previs\u00e3o de recebimento dos kits escolares est\u00e1 agendada para o dia 11\/03\/2025, Ter\u00e7a-feira a partir das 14h. Local: Almoxarifado &#8211; CEPM<\/p>\n\n\n\n<p><\/p>\n\n\n\n<figure class=\"wp-block-image size-large\"><img loading=\"lazy\" decoding=\"async\" width=\"819\" height=\"1024\" src=\"https:\/\/www.silvajardim.rj.gov.br\/wp-content\/uploads\/2025\/03\/Aviso-importante-819x1024.jpg\" alt=\"\" class=\"wp-image-24511\" srcset=\"https:\/\/www.silvajardim.rj.gov.br\/wp-content\/uploads\/2025\/03\/Aviso-importante-819x1024.jpg 819w, https:\/\/www.silvajardim.rj.gov.br\/wp-content\/uploads\/2025\/03\/Aviso-importante-240x300.jpg 240w, https:\/\/www.silvajardim.rj.gov.br\/wp-content\/uploads\/2025\/03\/Aviso-importante-768x960.jpg 768w, https:\/\/www.silvajardim.rj.gov.br\/wp-content\/uploads\/2025\/03\/Aviso-importante.jpg 1024w\" sizes=\"auto, (max-width: 819px) 100vw, 819px\" \/><\/figure>\n\n\n\n<p><\/p>\n","protected":false},"excerpt":{"rendered":"<p>A Secretaria de Educa\u00e7\u00e3o, Ci\u00eancia e Tecnologia informa que a previs\u00e3o de recebimento dos kits escolares est\u00e1 agendada para o<\/p>\n","protected":false},"author":1,"featured_media":24511,"comment_status":"open","ping_status":"open","sticky":false,"template":"","format":"standard","meta":{"_mi_skip_tracking":false,"footnotes":""},"categories":[1],"tags":[],"class_list":["post-24509","post","type-post","status-publish","format-standard","has-post-thumbnail","hentry","category-sem-categoria"],"_links":{"self":[{"href":"https:\/\/www.silvajardim.rj.gov.br\/index.php\/wp-json\/wp\/v2\/posts\/24509","targetHints":{"allow":["GET"]}}],"collection":[{"href":"https:\/\/www.silvajardim.rj.gov.br\/index.php\/wp-json\/wp\/v2\/posts"}],"about":[{"href":"https:\/\/www.silvajardim.rj.gov.br\/index.php\/wp-json\/wp\/v2\/types\/post"}],"author":[{"embeddable":true,"href":"https:\/\/www.silvajardim.rj.gov.br\/index.php\/wp-json\/wp\/v2\/users\/1"}],"replies":[{"embeddable":true,"href":"https:\/\/www.silvajardim.rj.gov.br\/index.php\/wp-json\/wp\/v2\/comments?post=24509"}],"version-history":[{"count":1,"href":"https:\/\/www.silvajardim.rj.gov.br\/index.php\/wp-json\/wp\/v2\/posts\/24509\/revisions"}],"predecessor-version":[{"id":24512,"href":"https:\/\/www.silvajardim.rj.gov.br\/index.php\/wp-json\/wp\/v2\/posts\/24509\/revisions\/24512"}],"wp:featuredmedia":[{"embeddable":true,"href":"https:\/\/www.silvajardim.rj.gov.br\/index.php\/wp-json\/wp\/v2\/media\/24511"}],"wp:attachment":[{"href":"https:\/\/www.silvajardim.rj.gov.br\/index.php\/wp-json\/wp\/v2\/media?parent=24509"}],"wp:term":[{"taxonomy":"category","embeddable":true,"href":"https:\/\/www.silvajardim.rj.gov.br\/index.php\/wp-json\/wp\/v2\/categories?post=24509"},{"taxonomy":"post_tag","embeddable":true,"href":"https:\/\/www.silvajardim.rj.gov.br\/index.php\/wp-json\/wp\/v2\/tags?post=24509"}],"curies":[{"name":"wp","href":"https:\/\/api.w.org\/{rel}","templated":true}]}}