{"id":2483,"date":"2019-09-26T05:58:15","date_gmt":"2019-09-26T08:58:15","guid":{"rendered":"https:\/\/www.silvajardim.rj.gov.br\/?p=2483"},"modified":"2019-09-26T05:58:15","modified_gmt":"2019-09-26T08:58:15","slug":"secretaria-de-saude-promove-encontro-para-falar-sobre-a-importancia-da-doacao-de-orgaos-em-silva-jardim","status":"publish","type":"post","link":"https:\/\/www.silvajardim.rj.gov.br\/index.php\/2019\/09\/26\/secretaria-de-saude-promove-encontro-para-falar-sobre-a-importancia-da-doacao-de-orgaos-em-silva-jardim\/","title":{"rendered":"Secretaria de Sa\u00fade promove Encontro para falar sobre \u201cA Import\u00e2ncia da Doa\u00e7\u00e3o de \u00d3rg\u00e3os\u201d em Silva Jardim"},"content":{"rendered":"\n<figure class=\"wp-block-image\"><img decoding=\"async\" src=\"https:\/\/www.silvajardim.rj.gov.br\/wp-content\/uploads\/2019\/09\/36D73F7D-9D35-4D08-9EFA-449F5D871329.jpeg\" alt=\"\" class=\"wp-image-2484\" \/><figcaption>A Secretaria Municipal de Sa\u00fade e Assist\u00eancia Social, atrav\u00e9s da Estrat\u00e9gia Sa\u00fade da Fam\u00edlia do bairro Varginha, realizou na \u00faltima ter\u00e7a-feira (24), uma orienta\u00e7\u00e3o aos usu\u00e1rios sobre \u201cA Import\u00e2ncia da Doa\u00e7\u00e3o de \u00d3rg\u00e3os\u201d. O encontro aconteceu na Unidade B\u00e1sica de Sa\u00fade, na Varginha, e contou com a participa\u00e7\u00e3o da paciente Ana Cl\u00e1udia Sena, que foi transplantada h\u00e1 cerca de dois meses. A paciente deu um depoimento relatando sua experi\u00eancia de vida.<\/figcaption><\/figure>\n\n\n\n<figure class=\"wp-block-image\"><img decoding=\"async\" src=\"https:\/\/www.silvajardim.rj.gov.br\/wp-content\/uploads\/2019\/09\/3CFD0D0D-FCAB-4F84-AD77-111EEC0E7AD5.jpeg\" alt=\"\" class=\"wp-image-2485\" \/><\/figure>\n\n\n\n<figure class=\"wp-block-image\"><img decoding=\"async\" src=\"https:\/\/www.silvajardim.rj.gov.br\/wp-content\/uploads\/2019\/09\/D0058B85-F79A-49B3-A177-79BCB3A08652.jpeg\" alt=\"\" class=\"wp-image-2486\" \/><\/figure>\n","protected":false},"excerpt":{"rendered":"","protected":false},"author":1,"featured_media":2484,"comment_status":"closed","ping_status":"closed","sticky":false,"template":"","format":"standard","meta":{"_mi_skip_tracking":false,"footnotes":""},"categories":[273,275],"tags":[],"class_list":["post-2483","post","type-post","status-publish","format-standard","has-post-thumbnail","hentry","category-prefeitura","category-saude"],"_links":{"self":[{"href":"https:\/\/www.silvajardim.rj.gov.br\/index.php\/wp-json\/wp\/v2\/posts\/2483","targetHints":{"allow":["GET"]}}],"collection":[{"href":"https:\/\/www.silvajardim.rj.gov.br\/index.php\/wp-json\/wp\/v2\/posts"}],"about":[{"href":"https:\/\/www.silvajardim.rj.gov.br\/index.php\/wp-json\/wp\/v2\/types\/post"}],"author":[{"embeddable":true,"href":"https:\/\/www.silvajardim.rj.gov.br\/index.php\/wp-json\/wp\/v2\/users\/1"}],"replies":[{"embeddable":true,"href":"https:\/\/www.silvajardim.rj.gov.br\/index.php\/wp-json\/wp\/v2\/comments?post=2483"}],"version-history":[{"count":0,"href":"https:\/\/www.silvajardim.rj.gov.br\/index.php\/wp-json\/wp\/v2\/posts\/2483\/revisions"}],"wp:featuredmedia":[{"embeddable":true,"href":"https:\/\/www.silvajardim.rj.gov.br\/index.php\/wp-json\/"}],"wp:attachment":[{"href":"https:\/\/www.silvajardim.rj.gov.br\/index.php\/wp-json\/wp\/v2\/media?parent=2483"}],"wp:term":[{"taxonomy":"category","embeddable":true,"href":"https:\/\/www.silvajardim.rj.gov.br\/index.php\/wp-json\/wp\/v2\/categories?post=2483"},{"taxonomy":"post_tag","embeddable":true,"href":"https:\/\/www.silvajardim.rj.gov.br\/index.php\/wp-json\/wp\/v2\/tags?post=2483"}],"curies":[{"name":"wp","href":"https:\/\/api.w.org\/{rel}","templated":true}]}}