{"id":2653,"date":"2019-10-19T09:43:56","date_gmt":"2019-10-19T12:43:56","guid":{"rendered":"https:\/\/www.silvajardim.rj.gov.br\/?p=2653"},"modified":"2019-10-19T09:43:56","modified_gmt":"2019-10-19T12:43:56","slug":"6a-edicao-da-feira-de-antiguidades-na-praca-amaral-peixoto","status":"publish","type":"post","link":"https:\/\/www.silvajardim.rj.gov.br\/index.php\/2019\/10\/19\/6a-edicao-da-feira-de-antiguidades-na-praca-amaral-peixoto\/","title":{"rendered":"6\u00aa Edi\u00e7\u00e3o da Feira de Antiguidades na Pra\u00e7a Amaral Peixoto"},"content":{"rendered":"\n<figure class=\"wp-block-image\"><img decoding=\"async\" src=\"https:\/\/www.silvajardim.rj.gov.br\/wp-content\/uploads\/2019\/10\/7091EC7F-EEFB-4E04-B161-B095126E6E17-1021x1024.jpeg\" alt=\"\" class=\"wp-image-2654\" \/><figcaption> Depois de 5 edi\u00e7\u00f5es de muito sucesso, est\u00e1 chegando mais uma edi\u00e7\u00e3o da Feira de Antiguidades na Pra\u00e7a Amaral Peixoto, no centro de Silva Jardim. Na feira, voc\u00ea ter\u00e1 a oportunidade de trocar, comprar e vender, produtos antigos e colecion\u00e1veis. Com a participa\u00e7\u00e3o da ASSOCIARTE.<br> Curtiu? Ent\u00e3o anota a\u00ed! Pr\u00f3ximo S\u00e1bado (19), a partir das 10h.<\/figcaption><\/figure>\n","protected":false},"excerpt":{"rendered":"","protected":false},"author":1,"featured_media":2654,"comment_status":"closed","ping_status":"closed","sticky":false,"template":"","format":"standard","meta":{"_mi_skip_tracking":false,"footnotes":""},"categories":[273,278],"tags":[],"class_list":["post-2653","post","type-post","status-publish","format-standard","has-post-thumbnail","hentry","category-prefeitura","category-turismo"],"_links":{"self":[{"href":"https:\/\/www.silvajardim.rj.gov.br\/index.php\/wp-json\/wp\/v2\/posts\/2653","targetHints":{"allow":["GET"]}}],"collection":[{"href":"https:\/\/www.silvajardim.rj.gov.br\/index.php\/wp-json\/wp\/v2\/posts"}],"about":[{"href":"https:\/\/www.silvajardim.rj.gov.br\/index.php\/wp-json\/wp\/v2\/types\/post"}],"author":[{"embeddable":true,"href":"https:\/\/www.silvajardim.rj.gov.br\/index.php\/wp-json\/wp\/v2\/users\/1"}],"replies":[{"embeddable":true,"href":"https:\/\/www.silvajardim.rj.gov.br\/index.php\/wp-json\/wp\/v2\/comments?post=2653"}],"version-history":[{"count":0,"href":"https:\/\/www.silvajardim.rj.gov.br\/index.php\/wp-json\/wp\/v2\/posts\/2653\/revisions"}],"wp:featuredmedia":[{"embeddable":true,"href":"https:\/\/www.silvajardim.rj.gov.br\/index.php\/wp-json\/"}],"wp:attachment":[{"href":"https:\/\/www.silvajardim.rj.gov.br\/index.php\/wp-json\/wp\/v2\/media?parent=2653"}],"wp:term":[{"taxonomy":"category","embeddable":true,"href":"https:\/\/www.silvajardim.rj.gov.br\/index.php\/wp-json\/wp\/v2\/categories?post=2653"},{"taxonomy":"post_tag","embeddable":true,"href":"https:\/\/www.silvajardim.rj.gov.br\/index.php\/wp-json\/wp\/v2\/tags?post=2653"}],"curies":[{"name":"wp","href":"https:\/\/api.w.org\/{rel}","templated":true}]}}