{"id":2656,"date":"2019-10-19T09:46:56","date_gmt":"2019-10-19T12:46:56","guid":{"rendered":"https:\/\/www.silvajardim.rj.gov.br\/?p=2656"},"modified":"2019-10-19T09:46:56","modified_gmt":"2019-10-19T12:46:56","slug":"palestra-sobre-conceitos-basicos-de-defesa-civil-e-apresentacao-de-aplicativo-de-emergencia","status":"publish","type":"post","link":"https:\/\/www.silvajardim.rj.gov.br\/index.php\/2019\/10\/19\/palestra-sobre-conceitos-basicos-de-defesa-civil-e-apresentacao-de-aplicativo-de-emergencia\/","title":{"rendered":"Palestra sobre Conceitos B\u00e1sicos de Defesa Civil e Apresenta\u00e7\u00e3o de Aplicativo de Emerg\u00eancia"},"content":{"rendered":"\n<figure class=\"wp-block-image\"><img decoding=\"async\" src=\"https:\/\/www.silvajardim.rj.gov.br\/wp-content\/uploads\/2019\/10\/48183DD5-7919-42FC-AAB7-1F8EADAB1D04.jpeg\" alt=\"\" class=\"wp-image-2657\" \/><figcaption> Aconteceu na \u00faltima quarta-feira (16), no Teatro Zez\u00e9 Macedo, durante a Semana de Preven\u00e7\u00e3o e Mitiga\u00e7\u00e3o de Desastres Naturais, uma palestra sobre Conceitos B\u00e1sicos de Defesa Civil, foi falado tamb\u00e9m, sobre os NUPDECS, que s\u00e3o os n\u00facleos comunit\u00e1rios de prote\u00e7\u00e3o e defesa civil que tem como finalidade implementar a integra\u00e7\u00e3o da defesa civil com as comunidades para garantir uma a\u00e7\u00e3o conjunta de toda sociedade. A palestra foi Ministrada pelo Secret\u00e1rio, Marcelo Soares e toda equipe da Defesa Civil de Silva Jardim. Mais de 50 pessoas prestigiaram evento.<br> No evento, tamb\u00e9m foi apresentado para a popula\u00e7\u00e3o o Aplicativo CEM, no qual notifica seus usu\u00e1rios em uma poss\u00edvel ocorr\u00eancia de sinistros, podendo ser baixado na loja de aplicativos do seu smarthphone. O encontrou contou ainda, com a presen\u00e7a de diversos representantes e Presidentes das Associa\u00e7\u00f5es de Moradores dos Bairros de Silva Jardim.<\/figcaption><\/figure>\n\n\n\n<figure class=\"wp-block-image\"><img decoding=\"async\" src=\"https:\/\/www.silvajardim.rj.gov.br\/wp-content\/uploads\/2019\/10\/9FB4D029-5851-43DF-A32A-F4B9D9FF3D2C.jpeg\" alt=\"\" class=\"wp-image-2658\" \/><\/figure>\n\n\n\n<figure class=\"wp-block-image\"><img decoding=\"async\" src=\"https:\/\/www.silvajardim.rj.gov.br\/wp-content\/uploads\/2019\/10\/B7A1861F-A259-4D15-94E7-DCA7479A0CAD.jpeg\" alt=\"\" class=\"wp-image-2659\" \/><\/figure>\n","protected":false},"excerpt":{"rendered":"","protected":false},"author":1,"featured_media":2659,"comment_status":"closed","ping_status":"closed","sticky":false,"template":"","format":"standard","meta":{"_mi_skip_tracking":false,"footnotes":""},"categories":[285,273],"tags":[],"class_list":["post-2656","post","type-post","status-publish","format-standard","has-post-thumbnail","hentry","category-defesa-civil","category-prefeitura"],"_links":{"self":[{"href":"https:\/\/www.silvajardim.rj.gov.br\/index.php\/wp-json\/wp\/v2\/posts\/2656","targetHints":{"allow":["GET"]}}],"collection":[{"href":"https:\/\/www.silvajardim.rj.gov.br\/index.php\/wp-json\/wp\/v2\/posts"}],"about":[{"href":"https:\/\/www.silvajardim.rj.gov.br\/index.php\/wp-json\/wp\/v2\/types\/post"}],"author":[{"embeddable":true,"href":"https:\/\/www.silvajardim.rj.gov.br\/index.php\/wp-json\/wp\/v2\/users\/1"}],"replies":[{"embeddable":true,"href":"https:\/\/www.silvajardim.rj.gov.br\/index.php\/wp-json\/wp\/v2\/comments?post=2656"}],"version-history":[{"count":0,"href":"https:\/\/www.silvajardim.rj.gov.br\/index.php\/wp-json\/wp\/v2\/posts\/2656\/revisions"}],"wp:featuredmedia":[{"embeddable":true,"href":"https:\/\/www.silvajardim.rj.gov.br\/index.php\/wp-json\/"}],"wp:attachment":[{"href":"https:\/\/www.silvajardim.rj.gov.br\/index.php\/wp-json\/wp\/v2\/media?parent=2656"}],"wp:term":[{"taxonomy":"category","embeddable":true,"href":"https:\/\/www.silvajardim.rj.gov.br\/index.php\/wp-json\/wp\/v2\/categories?post=2656"},{"taxonomy":"post_tag","embeddable":true,"href":"https:\/\/www.silvajardim.rj.gov.br\/index.php\/wp-json\/wp\/v2\/tags?post=2656"}],"curies":[{"name":"wp","href":"https:\/\/api.w.org\/{rel}","templated":true}]}}