{"id":2661,"date":"2019-10-19T09:48:59","date_gmt":"2019-10-19T12:48:59","guid":{"rendered":"https:\/\/www.silvajardim.rj.gov.br\/?p=2661"},"modified":"2019-10-19T09:48:59","modified_gmt":"2019-10-19T12:48:59","slug":"secretaria-municipal-de-saude-realiza-campanha-de-vacinacao-contra-sarampo","status":"publish","type":"post","link":"https:\/\/www.silvajardim.rj.gov.br\/index.php\/2019\/10\/19\/secretaria-municipal-de-saude-realiza-campanha-de-vacinacao-contra-sarampo\/","title":{"rendered":"Secretaria Municipal de Sa\u00fade realiza Campanha de Vacina\u00e7\u00e3o contra Sarampo"},"content":{"rendered":"\n<figure class=\"wp-block-image\"><img decoding=\"async\" src=\"https:\/\/www.silvajardim.rj.gov.br\/wp-content\/uploads\/2019\/10\/F5399B26-ADA0-44E6-942B-53DABC064F4A-1024x1024.jpeg\" alt=\"\" class=\"wp-image-2662\" \/><figcaption>A campanha de Vacina\u00e7\u00e3o contra o Sarampo, que est\u00e1 acontecendo desde o dia 7 de outubro, nas escolas e vai at\u00e9 o dia 25 desse m\u00eas, no pr\u00f3ximo s\u00e1bado (19), estar\u00e1 sendo realizada na UBS do Centro, na rua Casimiro de Abreu, a partir das 8h da manh\u00e3, at\u00e9 \u00e0s 16h. O p\u00fablico alvo, s\u00e3o crian\u00e7as de 6 meses \u00e0 menores de 5 anos.<br> A Campanha \u00e9 uma realiza\u00e7\u00e3o do Minist\u00e9rio da Sa\u00fade, atrav\u00e9s da Secretaria Municipal de Sa\u00fade, de Silva Jardim.<\/figcaption><\/figure>\n","protected":false},"excerpt":{"rendered":"","protected":false},"author":1,"featured_media":2662,"comment_status":"closed","ping_status":"closed","sticky":false,"template":"","format":"standard","meta":{"_mi_skip_tracking":false,"footnotes":""},"categories":[273,275],"tags":[],"class_list":["post-2661","post","type-post","status-publish","format-standard","has-post-thumbnail","hentry","category-prefeitura","category-saude"],"_links":{"self":[{"href":"https:\/\/www.silvajardim.rj.gov.br\/index.php\/wp-json\/wp\/v2\/posts\/2661","targetHints":{"allow":["GET"]}}],"collection":[{"href":"https:\/\/www.silvajardim.rj.gov.br\/index.php\/wp-json\/wp\/v2\/posts"}],"about":[{"href":"https:\/\/www.silvajardim.rj.gov.br\/index.php\/wp-json\/wp\/v2\/types\/post"}],"author":[{"embeddable":true,"href":"https:\/\/www.silvajardim.rj.gov.br\/index.php\/wp-json\/wp\/v2\/users\/1"}],"replies":[{"embeddable":true,"href":"https:\/\/www.silvajardim.rj.gov.br\/index.php\/wp-json\/wp\/v2\/comments?post=2661"}],"version-history":[{"count":0,"href":"https:\/\/www.silvajardim.rj.gov.br\/index.php\/wp-json\/wp\/v2\/posts\/2661\/revisions"}],"wp:featuredmedia":[{"embeddable":true,"href":"https:\/\/www.silvajardim.rj.gov.br\/index.php\/wp-json\/"}],"wp:attachment":[{"href":"https:\/\/www.silvajardim.rj.gov.br\/index.php\/wp-json\/wp\/v2\/media?parent=2661"}],"wp:term":[{"taxonomy":"category","embeddable":true,"href":"https:\/\/www.silvajardim.rj.gov.br\/index.php\/wp-json\/wp\/v2\/categories?post=2661"},{"taxonomy":"post_tag","embeddable":true,"href":"https:\/\/www.silvajardim.rj.gov.br\/index.php\/wp-json\/wp\/v2\/tags?post=2661"}],"curies":[{"name":"wp","href":"https:\/\/api.w.org\/{rel}","templated":true}]}}