{"id":2679,"date":"2019-10-22T09:48:28","date_gmt":"2019-10-22T12:48:28","guid":{"rendered":"https:\/\/www.silvajardim.rj.gov.br\/?p=2679"},"modified":"2019-10-22T09:48:28","modified_gmt":"2019-10-22T12:48:28","slug":"jornada-pedagogica-2019-foi-encerrada-na-ultima-sexta-feira-em-silva-jardim","status":"publish","type":"post","link":"https:\/\/www.silvajardim.rj.gov.br\/index.php\/2019\/10\/22\/jornada-pedagogica-2019-foi-encerrada-na-ultima-sexta-feira-em-silva-jardim\/","title":{"rendered":"Jornada Pedag\u00f3gica 2019 foi encerrada na \u00faltima sexta-feira em Silva Jardim"},"content":{"rendered":"\n<figure class=\"wp-block-image\"><img decoding=\"async\" src=\"https:\/\/www.silvajardim.rj.gov.br\/wp-content\/uploads\/2019\/10\/7A59C1B5-FE8E-48F4-ACDA-673C6DB85913-1024x484.jpeg\" alt=\"\" class=\"wp-image-2680\" \/><figcaption>A Secretaria Municipal de Educa\u00e7\u00e3o, Ci\u00eancia e Tecnologia, deu continuidade nos dias 17 e 18 de outubro, \u00e0 Jornada Pedag\u00f3gica 2019. Na quinta-feira (17), as atividades foram iniciadas com uma afetuosa sauda\u00e7\u00e3o da Secret\u00e1ria Municipal de Educa\u00e7\u00e3o, Ci\u00eancia e Tecnologia, K\u00e1tia Passos. Em seguida, a presidente do IPSJ, Rosilane Brum, palestrou sobre a hist\u00f3ria da cria\u00e7\u00e3o do instituto no munic\u00edpio e falou tamb\u00e9m sobre quest\u00f5es previdenci\u00e1rias e suas implica\u00e7\u00f5es na vida do servidor. A gestora de Educa\u00e7\u00e3o Especial do Munic\u00edpio de Maric\u00e1, Helen Ribeiro, falou com excel\u00eancia sobre a avalia\u00e7\u00e3o dos alunos com defici\u00eancia na sala de aula.  O evento foi realizado na Igreja Batista Memorial e contou ainda com as apresenta\u00e7\u00f5es do Coral Encantos e dos alunos do Curso de Libras, al\u00e9m da Dan\u00e7a das Bonecas com os alunos da E.M. Agenor Pires da Cunha.<br> Na sexta-feira (18), \u00faltimo dia da jornada, o encontro aconteceu na Igreja Batista, na Fazenda Brasil. Neste dia, a Jornada foi direcionada aos professores do 4\u00b0 e 5\u00b0 Ano de Escolaridade do Ensino Fundamental e Diretores Escolares. Os profissionais foram acolhidos com a palavra de boas-vindas da Secret\u00e1ria, K\u00e1tia Passos, e com encantadoras apresenta\u00e7\u00f5es culturais dos alunos da Creche Laurita e da E.E.M. Vila Silva Jardim. O letramento liter\u00e1rio teve a participa\u00e7\u00e3o dos professores de forma ativa na oficina &#8220;Cantando e encantando com a leitura\u201d. As coordenadoras Nedimar Mello e Norma Ramalho, apresentaram as 10 compet\u00eancias da BNCC, com a proposta de continua\u00e7\u00e3o em outra forma\u00e7\u00e3o.<br> A Secret\u00e1ria Municipal de Educa\u00e7\u00e3o, Ci\u00eancia e Tecnologia, K\u00e1tia Passos, parabenizou e agradeceu a todos os profissionais da Educa\u00e7\u00e3o pela presen\u00e7a e participa\u00e7\u00e3o ativa nos tr\u00eas dias de Jornada. \u201cForam dias de aprendizagem coletiva, trocas de experi\u00eancias, degusta\u00e7\u00f5es liter\u00e1rias e culturais, al\u00e9m de repensar a pr\u00e1tica pedag\u00f3gica, para que a escola se mantenha viva e atrativa a cada dia, com uma educa\u00e7\u00e3o com qualidade, equidade e igualdade para todos os alunos\u201d, disse K\u00e1tia.<br> O evento contou ainda com as presen\u00e7as do Secret\u00e1rio Municipal de Administra\u00e7\u00e3o, Hugo Thiengo, da Subsecret\u00e1ria de Gabinete Civil, Rhana Viana e do Chefe de Gabinete, Darci Matias.<\/figcaption><\/figure>\n","protected":false},"excerpt":{"rendered":"","protected":false},"author":1,"featured_media":2680,"comment_status":"closed","ping_status":"closed","sticky":false,"template":"","format":"standard","meta":{"_mi_skip_tracking":false,"footnotes":""},"categories":[286,273],"tags":[],"class_list":["post-2679","post","type-post","status-publish","format-standard","has-post-thumbnail","hentry","category-educacao","category-prefeitura"],"_links":{"self":[{"href":"https:\/\/www.silvajardim.rj.gov.br\/index.php\/wp-json\/wp\/v2\/posts\/2679","targetHints":{"allow":["GET"]}}],"collection":[{"href":"https:\/\/www.silvajardim.rj.gov.br\/index.php\/wp-json\/wp\/v2\/posts"}],"about":[{"href":"https:\/\/www.silvajardim.rj.gov.br\/index.php\/wp-json\/wp\/v2\/types\/post"}],"author":[{"embeddable":true,"href":"https:\/\/www.silvajardim.rj.gov.br\/index.php\/wp-json\/wp\/v2\/users\/1"}],"replies":[{"embeddable":true,"href":"https:\/\/www.silvajardim.rj.gov.br\/index.php\/wp-json\/wp\/v2\/comments?post=2679"}],"version-history":[{"count":0,"href":"https:\/\/www.silvajardim.rj.gov.br\/index.php\/wp-json\/wp\/v2\/posts\/2679\/revisions"}],"wp:featuredmedia":[{"embeddable":true,"href":"https:\/\/www.silvajardim.rj.gov.br\/index.php\/wp-json\/"}],"wp:attachment":[{"href":"https:\/\/www.silvajardim.rj.gov.br\/index.php\/wp-json\/wp\/v2\/media?parent=2679"}],"wp:term":[{"taxonomy":"category","embeddable":true,"href":"https:\/\/www.silvajardim.rj.gov.br\/index.php\/wp-json\/wp\/v2\/categories?post=2679"},{"taxonomy":"post_tag","embeddable":true,"href":"https:\/\/www.silvajardim.rj.gov.br\/index.php\/wp-json\/wp\/v2\/tags?post=2679"}],"curies":[{"name":"wp","href":"https:\/\/api.w.org\/{rel}","templated":true}]}}