{"id":2682,"date":"2019-10-22T09:54:16","date_gmt":"2019-10-22T12:54:16","guid":{"rendered":"https:\/\/www.silvajardim.rj.gov.br\/?p=2682"},"modified":"2019-10-22T09:54:16","modified_gmt":"2019-10-22T12:54:16","slug":"6a-edicao-da-feira-de-antiguidades-e-realizada-em-silva-jardim","status":"publish","type":"post","link":"https:\/\/www.silvajardim.rj.gov.br\/index.php\/2019\/10\/22\/6a-edicao-da-feira-de-antiguidades-e-realizada-em-silva-jardim\/","title":{"rendered":"6\u00aa Edi\u00e7\u00e3o da Feira de Antiguidades \u00e9 realizada em Silva Jardim"},"content":{"rendered":"\n<figure class=\"wp-block-image\"><img decoding=\"async\" src=\"https:\/\/www.silvajardim.rj.gov.br\/wp-content\/uploads\/2019\/10\/5691FF60-FC88-4DFC-B69D-CD0FA2AC2673.jpeg\" alt=\"\" class=\"wp-image-2683\" \/><figcaption> Aconteceu no \u00faltimo s\u00e1bado (19), a 6\u00aa Edi\u00e7\u00e3o da Feira de Antiguidades, no Espa\u00e7o Cultura e Lazer Paulo Rodrigues Alexandre, ao lado da Prefeitura, no centro da cidade. O evento foi realizado pela Prefeitura de Silva Jardim, atrav\u00e9s da Secretaria Municipal de Turismo e Cultura. <br> Dezenas de pessoas passaram pela feira no decorrer do dia, onde tiveram a oportunidade de trocar, vender e comprar, produtos antigos e colecion\u00e1veis. A feira contou ainda com a presen\u00e7a da ASSOCIARTE.<br> Quem j\u00e1 conhece a Feira de Antiguidades, sempre volta. Se voc\u00ea ainda n\u00e3o veio, fique ligado aqui, que no segundo s\u00e1bado do pr\u00f3ximo m\u00eas tem mais!<\/figcaption><\/figure>\n","protected":false},"excerpt":{"rendered":"","protected":false},"author":1,"featured_media":2683,"comment_status":"closed","ping_status":"closed","sticky":false,"template":"","format":"standard","meta":{"_mi_skip_tracking":false,"footnotes":""},"categories":[273,278],"tags":[],"class_list":["post-2682","post","type-post","status-publish","format-standard","has-post-thumbnail","hentry","category-prefeitura","category-turismo"],"_links":{"self":[{"href":"https:\/\/www.silvajardim.rj.gov.br\/index.php\/wp-json\/wp\/v2\/posts\/2682","targetHints":{"allow":["GET"]}}],"collection":[{"href":"https:\/\/www.silvajardim.rj.gov.br\/index.php\/wp-json\/wp\/v2\/posts"}],"about":[{"href":"https:\/\/www.silvajardim.rj.gov.br\/index.php\/wp-json\/wp\/v2\/types\/post"}],"author":[{"embeddable":true,"href":"https:\/\/www.silvajardim.rj.gov.br\/index.php\/wp-json\/wp\/v2\/users\/1"}],"replies":[{"embeddable":true,"href":"https:\/\/www.silvajardim.rj.gov.br\/index.php\/wp-json\/wp\/v2\/comments?post=2682"}],"version-history":[{"count":0,"href":"https:\/\/www.silvajardim.rj.gov.br\/index.php\/wp-json\/wp\/v2\/posts\/2682\/revisions"}],"wp:featuredmedia":[{"embeddable":true,"href":"https:\/\/www.silvajardim.rj.gov.br\/index.php\/wp-json\/"}],"wp:attachment":[{"href":"https:\/\/www.silvajardim.rj.gov.br\/index.php\/wp-json\/wp\/v2\/media?parent=2682"}],"wp:term":[{"taxonomy":"category","embeddable":true,"href":"https:\/\/www.silvajardim.rj.gov.br\/index.php\/wp-json\/wp\/v2\/categories?post=2682"},{"taxonomy":"post_tag","embeddable":true,"href":"https:\/\/www.silvajardim.rj.gov.br\/index.php\/wp-json\/wp\/v2\/tags?post=2682"}],"curies":[{"name":"wp","href":"https:\/\/api.w.org\/{rel}","templated":true}]}}