{"id":2693,"date":"2019-10-25T10:26:17","date_gmt":"2019-10-25T13:26:17","guid":{"rendered":"https:\/\/www.silvajardim.rj.gov.br\/?p=2693"},"modified":"2019-10-25T10:26:17","modified_gmt":"2019-10-25T13:26:17","slug":"silva-jardim-tem-1a-reuniao-de-planejamento-de-acompanhamento-do-censo-demografico-2020","status":"publish","type":"post","link":"https:\/\/www.silvajardim.rj.gov.br\/index.php\/2019\/10\/25\/silva-jardim-tem-1a-reuniao-de-planejamento-de-acompanhamento-do-censo-demografico-2020\/","title":{"rendered":"Silva Jardim tem 1\u00aa Reuni\u00e3o de Planejamento de Acompanhamento do Censo Demogr\u00e1fico 2020"},"content":{"rendered":"\n<figure class=\"wp-block-image\"><img decoding=\"async\" src=\"https:\/\/www.silvajardim.rj.gov.br\/wp-content\/uploads\/2019\/10\/29FB9984-3779-4161-B512-B8B6392AA6AD.jpeg\" alt=\"\" class=\"wp-image-2694\" \/><figcaption> Foi realizada nesta ter\u00e7a-feira (22), a 1\u00aa Reuni\u00e3o de Planejamento e Acompanhamento do Censo Demogr\u00e1fico 2020, em Silva Jardim. O encontro aconteceu na Secretaria Municipal de Turismo e Cultura, e contou com a participa\u00e7\u00e3o de autoridades, secret\u00e1rios e subsecret\u00e1rios municipais. A reuni\u00e3o foi dirigida pelo Coordenador de \u00c1rea do IBGE, Jos\u00e9 Herm\u00ednio Fernandes Monteiro, acompanhado pelo tamb\u00e9m Coordenador de \u00c1rea, Pedro da Silva Braga, al\u00e9m de contar com as presen\u00e7as dos Agentes de Pesquisa e Mapeamento, Tiago Martins e Sara de Aquino.<br> Esses encontros est\u00e3o sendo realizados em todos os munic\u00edpios dos estados brasileiros. O objetivo das Reuni\u00f5es de Planejamento e Acompanhamento do Censo (REPACs) \u00e9 propiciar a participa\u00e7\u00e3o da comunidade local, dando transpar\u00eancia \u00e0 opera\u00e7\u00e3o do Censo Demogr\u00e1fico no munic\u00edpio e buscando, junto \u00e0 sociedade, apoio e parcerias para viabilizar as atividades censit\u00e1rias, al\u00e9m de colaborar na instala\u00e7\u00e3o dos postos de coleta, auxiliando na disponibiliza\u00e7\u00e3o da infraestrutura necess\u00e1ria \u00e0 coleta de dados e no deslocamento das equipes nas \u00e1reas rurais.<\/figcaption><\/figure>\n","protected":false},"excerpt":{"rendered":"","protected":false},"author":1,"featured_media":2694,"comment_status":"closed","ping_status":"closed","sticky":false,"template":"","format":"standard","meta":{"_mi_skip_tracking":false,"footnotes":""},"categories":[289,273],"tags":[],"class_list":["post-2693","post","type-post","status-publish","format-standard","has-post-thumbnail","hentry","category-fazenda","category-prefeitura"],"_links":{"self":[{"href":"https:\/\/www.silvajardim.rj.gov.br\/index.php\/wp-json\/wp\/v2\/posts\/2693","targetHints":{"allow":["GET"]}}],"collection":[{"href":"https:\/\/www.silvajardim.rj.gov.br\/index.php\/wp-json\/wp\/v2\/posts"}],"about":[{"href":"https:\/\/www.silvajardim.rj.gov.br\/index.php\/wp-json\/wp\/v2\/types\/post"}],"author":[{"embeddable":true,"href":"https:\/\/www.silvajardim.rj.gov.br\/index.php\/wp-json\/wp\/v2\/users\/1"}],"replies":[{"embeddable":true,"href":"https:\/\/www.silvajardim.rj.gov.br\/index.php\/wp-json\/wp\/v2\/comments?post=2693"}],"version-history":[{"count":0,"href":"https:\/\/www.silvajardim.rj.gov.br\/index.php\/wp-json\/wp\/v2\/posts\/2693\/revisions"}],"wp:featuredmedia":[{"embeddable":true,"href":"https:\/\/www.silvajardim.rj.gov.br\/index.php\/wp-json\/"}],"wp:attachment":[{"href":"https:\/\/www.silvajardim.rj.gov.br\/index.php\/wp-json\/wp\/v2\/media?parent=2693"}],"wp:term":[{"taxonomy":"category","embeddable":true,"href":"https:\/\/www.silvajardim.rj.gov.br\/index.php\/wp-json\/wp\/v2\/categories?post=2693"},{"taxonomy":"post_tag","embeddable":true,"href":"https:\/\/www.silvajardim.rj.gov.br\/index.php\/wp-json\/wp\/v2\/tags?post=2693"}],"curies":[{"name":"wp","href":"https:\/\/api.w.org\/{rel}","templated":true}]}}