{"id":2721,"date":"2019-11-01T13:53:59","date_gmt":"2019-11-01T16:53:59","guid":{"rendered":"https:\/\/www.silvajardim.rj.gov.br\/?p=2721"},"modified":"2019-11-01T13:53:59","modified_gmt":"2019-11-01T16:53:59","slug":"fichas-de-inscricoes-disponiveis-para-o-campeonato-de-futebol-de-campo","status":"publish","type":"post","link":"https:\/\/www.silvajardim.rj.gov.br\/index.php\/2019\/11\/01\/fichas-de-inscricoes-disponiveis-para-o-campeonato-de-futebol-de-campo\/","title":{"rendered":"Fichas de Inscri\u00e7\u00f5es Dispon\u00edveis para o Campeonato de Futebol de Campo"},"content":{"rendered":"\n<figure class=\"wp-block-image\"><img decoding=\"async\" src=\"https:\/\/www.silvajardim.rj.gov.br\/wp-content\/uploads\/2019\/11\/AA90EE77-5262-4DEA-ACB0-A81708985A16-1024x1024.jpeg\" alt=\"\" class=\"wp-image-2722\" \/><figcaption> A Secretaria Municipal de Esporte e Lazer, informa que as fichas de inscri\u00e7\u00f5es para o Campeonato de Futebol de Campo, nas categorias Amador e Veterano, j\u00e1 est\u00e3o dispon\u00edveis. Os interessados devem comparecer na sede da secretaria, que fica localizada no Gin\u00e1sio Poliesportivo Jorge Mendon\u00e7a. A competi\u00e7\u00e3o est\u00e1 prevista para ser iniciada no dia 10 de novembro.<\/figcaption><\/figure>\n","protected":false},"excerpt":{"rendered":"","protected":false},"author":1,"featured_media":2722,"comment_status":"closed","ping_status":"closed","sticky":false,"template":"","format":"standard","meta":{"_mi_skip_tracking":false,"footnotes":""},"categories":[283,273],"tags":[],"class_list":["post-2721","post","type-post","status-publish","format-standard","has-post-thumbnail","hentry","category-esporte-e-lazer","category-prefeitura"],"_links":{"self":[{"href":"https:\/\/www.silvajardim.rj.gov.br\/index.php\/wp-json\/wp\/v2\/posts\/2721","targetHints":{"allow":["GET"]}}],"collection":[{"href":"https:\/\/www.silvajardim.rj.gov.br\/index.php\/wp-json\/wp\/v2\/posts"}],"about":[{"href":"https:\/\/www.silvajardim.rj.gov.br\/index.php\/wp-json\/wp\/v2\/types\/post"}],"author":[{"embeddable":true,"href":"https:\/\/www.silvajardim.rj.gov.br\/index.php\/wp-json\/wp\/v2\/users\/1"}],"replies":[{"embeddable":true,"href":"https:\/\/www.silvajardim.rj.gov.br\/index.php\/wp-json\/wp\/v2\/comments?post=2721"}],"version-history":[{"count":0,"href":"https:\/\/www.silvajardim.rj.gov.br\/index.php\/wp-json\/wp\/v2\/posts\/2721\/revisions"}],"wp:featuredmedia":[{"embeddable":true,"href":"https:\/\/www.silvajardim.rj.gov.br\/index.php\/wp-json\/"}],"wp:attachment":[{"href":"https:\/\/www.silvajardim.rj.gov.br\/index.php\/wp-json\/wp\/v2\/media?parent=2721"}],"wp:term":[{"taxonomy":"category","embeddable":true,"href":"https:\/\/www.silvajardim.rj.gov.br\/index.php\/wp-json\/wp\/v2\/categories?post=2721"},{"taxonomy":"post_tag","embeddable":true,"href":"https:\/\/www.silvajardim.rj.gov.br\/index.php\/wp-json\/wp\/v2\/tags?post=2721"}],"curies":[{"name":"wp","href":"https:\/\/api.w.org\/{rel}","templated":true}]}}