{"id":2766,"date":"2019-11-06T16:37:06","date_gmt":"2019-11-06T19:37:06","guid":{"rendered":"https:\/\/www.silvajardim.rj.gov.br\/?p=2766"},"modified":"2019-11-06T16:37:06","modified_gmt":"2019-11-06T19:37:06","slug":"silva-jardim-recebe-equipamentos-agrarios-atraves-de-emenda-parlamentar","status":"publish","type":"post","link":"https:\/\/www.silvajardim.rj.gov.br\/index.php\/2019\/11\/06\/silva-jardim-recebe-equipamentos-agrarios-atraves-de-emenda-parlamentar\/","title":{"rendered":"Silva Jardim recebe Equipamentos Agr\u00e1rios atrav\u00e9s de Emenda Parlamentar"},"content":{"rendered":"\n<figure class=\"wp-block-image\"><img decoding=\"async\" src=\"https:\/\/www.silvajardim.rj.gov.br\/wp-content\/uploads\/2019\/11\/4A26DC55-FAF1-403F-9DEB-A62684CB6C97.jpeg\" alt=\"\" class=\"wp-image-2767\" \/><figcaption>O Munic\u00edpio de Silva Jardim, atrav\u00e9s de uma emenda parlamentar individual do Deputado Federal, \u00c1ureo Ribeiro, adquiriu uma m\u00e1quina retroescavadeira e duas ro\u00e7adeiras para o Fortalecimento da Agricultura Familiar.  <br> As Secretarias Municipais de Planejamento e Desenvolvimento Econ\u00f4mico, Agricultura e Abastecimento e Pesca, promoveram a gest\u00e3o e o acompanhamento da proposta junto ao Minist\u00e9rio de Desenvolvimento Agr\u00e1rio durante o Governo Cilene, sendo conclu\u00edda a libera\u00e7\u00e3o do pagamento da Caixa Federal.  O Prefeito Interino, Jaime Figueiredo, esteve na Secretaria de Obras, acompanhado do Secret\u00e1rio de Agricultura, F\u00e1bio Sardenberg, para conhecer os novos equipamentos.<\/figcaption><\/figure>\n\n\n\n<figure class=\"wp-block-image\"><img decoding=\"async\" src=\"https:\/\/www.silvajardim.rj.gov.br\/wp-content\/uploads\/2019\/11\/F88F8CD1-F5EE-477F-AC46-120A443CB3B8.jpeg\" alt=\"\" class=\"wp-image-2768\" \/><\/figure>\n\n\n\n<figure class=\"wp-block-image\"><img decoding=\"async\" src=\"https:\/\/www.silvajardim.rj.gov.br\/wp-content\/uploads\/2019\/11\/7CEAF2CE-C575-465B-87EB-2FF39A221631.jpeg\" alt=\"\" class=\"wp-image-2769\" \/><\/figure>\n\n\n\n<figure class=\"wp-block-image\"><img decoding=\"async\" src=\"https:\/\/www.silvajardim.rj.gov.br\/wp-content\/uploads\/2019\/11\/23BE0E75-8AE2-464B-919E-331E8AE55530.jpeg\" alt=\"\" class=\"wp-image-2770\" \/><\/figure>\n\n\n\n<figure class=\"wp-block-image\"><img decoding=\"async\" src=\"https:\/\/www.silvajardim.rj.gov.br\/wp-content\/uploads\/2019\/11\/569F3827-0DB2-43E7-80EB-C4C55203D697.jpeg\" alt=\"\" class=\"wp-image-2771\" \/><\/figure>\n\n\n\n<figure class=\"wp-block-image\"><img decoding=\"async\" src=\"https:\/\/www.silvajardim.rj.gov.br\/wp-content\/uploads\/2019\/11\/110AD9AC-A125-415B-B2E5-F417EAF10E1F.jpeg\" alt=\"\" class=\"wp-image-2772\" \/><\/figure>\n","protected":false},"excerpt":{"rendered":"","protected":false},"author":1,"featured_media":2767,"comment_status":"closed","ping_status":"closed","sticky":false,"template":"","format":"standard","meta":{"_mi_skip_tracking":false,"footnotes":""},"categories":[272,273],"tags":[],"class_list":["post-2766","post","type-post","status-publish","format-standard","has-post-thumbnail","hentry","category-agricultura","category-prefeitura"],"_links":{"self":[{"href":"https:\/\/www.silvajardim.rj.gov.br\/index.php\/wp-json\/wp\/v2\/posts\/2766","targetHints":{"allow":["GET"]}}],"collection":[{"href":"https:\/\/www.silvajardim.rj.gov.br\/index.php\/wp-json\/wp\/v2\/posts"}],"about":[{"href":"https:\/\/www.silvajardim.rj.gov.br\/index.php\/wp-json\/wp\/v2\/types\/post"}],"author":[{"embeddable":true,"href":"https:\/\/www.silvajardim.rj.gov.br\/index.php\/wp-json\/wp\/v2\/users\/1"}],"replies":[{"embeddable":true,"href":"https:\/\/www.silvajardim.rj.gov.br\/index.php\/wp-json\/wp\/v2\/comments?post=2766"}],"version-history":[{"count":0,"href":"https:\/\/www.silvajardim.rj.gov.br\/index.php\/wp-json\/wp\/v2\/posts\/2766\/revisions"}],"wp:featuredmedia":[{"embeddable":true,"href":"https:\/\/www.silvajardim.rj.gov.br\/index.php\/wp-json\/"}],"wp:attachment":[{"href":"https:\/\/www.silvajardim.rj.gov.br\/index.php\/wp-json\/wp\/v2\/media?parent=2766"}],"wp:term":[{"taxonomy":"category","embeddable":true,"href":"https:\/\/www.silvajardim.rj.gov.br\/index.php\/wp-json\/wp\/v2\/categories?post=2766"},{"taxonomy":"post_tag","embeddable":true,"href":"https:\/\/www.silvajardim.rj.gov.br\/index.php\/wp-json\/wp\/v2\/tags?post=2766"}],"curies":[{"name":"wp","href":"https:\/\/api.w.org\/{rel}","templated":true}]}}