{"id":2789,"date":"2019-11-19T11:06:52","date_gmt":"2019-11-19T14:06:52","guid":{"rendered":"https:\/\/www.silvajardim.rj.gov.br\/?p=2789"},"modified":"2019-11-19T11:06:52","modified_gmt":"2019-11-19T14:06:52","slug":"defesa-civil-de-silva-jardim-forma-turma-do-curso-de-gerenciamento-de-abrigos","status":"publish","type":"post","link":"https:\/\/www.silvajardim.rj.gov.br\/index.php\/2019\/11\/19\/defesa-civil-de-silva-jardim-forma-turma-do-curso-de-gerenciamento-de-abrigos\/","title":{"rendered":"Defesa Civil de Silva Jardim forma Turma do Curso de Gerenciamento de Abrigos"},"content":{"rendered":"\n<figure class=\"wp-block-image\"><img decoding=\"async\" src=\"https:\/\/www.silvajardim.rj.gov.br\/wp-content\/uploads\/2019\/11\/2FDC1797-8D01-48F4-A842-7BE609891E80-1024x768.jpeg\" alt=\"\" class=\"wp-image-2790\" \/><figcaption> A Secretaria de Defesa Civil de Silva Jardim promoveu o curso de Gerenciamento de Abrigos Tempor\u00e1rios, com carga hor\u00e1ria de 09 horas, que tem como objetivo a capacita\u00e7\u00e3o de agentes e\/ou das ag\u00eancias envolvidas que atuem no gerenciamento de abrigos tempor\u00e1rios. O curso teve as seguintes li\u00e7\u00f5es: Apresenta\u00e7\u00e3o; Introdu\u00e7\u00e3o ao Gerenciamento de Abrigos Tempor\u00e1rios; Planejamento, Acionamento e Mobiliza\u00e7\u00e3o; Recep\u00e7\u00e3o e Triagem Social; Sa\u00fade Mental e Aten\u00e7\u00e3o Psicossocial; Rotina do Abrigo Tempor\u00e1rio; Promo\u00e7\u00e3o e Aten\u00e7\u00e3o da Sa\u00fade; Cuidados Nutricionais e Desmobiliza\u00e7\u00e3o. O curso formou 18 alunos, entre eles 4 voluntarias do NUPDEC Varginha- Coordenadora Vau.<\/figcaption><\/figure>\n","protected":false},"excerpt":{"rendered":"","protected":false},"author":1,"featured_media":2790,"comment_status":"closed","ping_status":"closed","sticky":false,"template":"","format":"standard","meta":{"_mi_skip_tracking":false,"footnotes":""},"categories":[285,273],"tags":[],"class_list":["post-2789","post","type-post","status-publish","format-standard","has-post-thumbnail","hentry","category-defesa-civil","category-prefeitura"],"_links":{"self":[{"href":"https:\/\/www.silvajardim.rj.gov.br\/index.php\/wp-json\/wp\/v2\/posts\/2789","targetHints":{"allow":["GET"]}}],"collection":[{"href":"https:\/\/www.silvajardim.rj.gov.br\/index.php\/wp-json\/wp\/v2\/posts"}],"about":[{"href":"https:\/\/www.silvajardim.rj.gov.br\/index.php\/wp-json\/wp\/v2\/types\/post"}],"author":[{"embeddable":true,"href":"https:\/\/www.silvajardim.rj.gov.br\/index.php\/wp-json\/wp\/v2\/users\/1"}],"replies":[{"embeddable":true,"href":"https:\/\/www.silvajardim.rj.gov.br\/index.php\/wp-json\/wp\/v2\/comments?post=2789"}],"version-history":[{"count":0,"href":"https:\/\/www.silvajardim.rj.gov.br\/index.php\/wp-json\/wp\/v2\/posts\/2789\/revisions"}],"wp:featuredmedia":[{"embeddable":true,"href":"https:\/\/www.silvajardim.rj.gov.br\/index.php\/wp-json\/"}],"wp:attachment":[{"href":"https:\/\/www.silvajardim.rj.gov.br\/index.php\/wp-json\/wp\/v2\/media?parent=2789"}],"wp:term":[{"taxonomy":"category","embeddable":true,"href":"https:\/\/www.silvajardim.rj.gov.br\/index.php\/wp-json\/wp\/v2\/categories?post=2789"},{"taxonomy":"post_tag","embeddable":true,"href":"https:\/\/www.silvajardim.rj.gov.br\/index.php\/wp-json\/wp\/v2\/tags?post=2789"}],"curies":[{"name":"wp","href":"https:\/\/api.w.org\/{rel}","templated":true}]}}