{"id":2816,"date":"2019-11-20T12:13:43","date_gmt":"2019-11-20T15:13:43","guid":{"rendered":"https:\/\/www.silvajardim.rj.gov.br\/?p=2816"},"modified":"2019-11-20T12:13:43","modified_gmt":"2019-11-20T15:13:43","slug":"silva-jardim-e-representado-no-torneio-sub-23-de-volei-de-areia-em-arraial-do-cabo","status":"publish","type":"post","link":"https:\/\/www.silvajardim.rj.gov.br\/index.php\/2019\/11\/20\/silva-jardim-e-representado-no-torneio-sub-23-de-volei-de-areia-em-arraial-do-cabo\/","title":{"rendered":"Silva Jardim \u00e9 representado no Torneio Sub-23 de V\u00f4lei de Areia em Arraial do Cabo"},"content":{"rendered":"\n<figure class=\"wp-block-image\"><img decoding=\"async\" src=\"https:\/\/www.silvajardim.rj.gov.br\/wp-content\/uploads\/2019\/11\/F6B41A3A-B48B-4CB3-8E52-033C46413C71.jpeg\" alt=\"\" class=\"wp-image-2817\" \/><figcaption> Aconteceu no \u00faltimo final de semana um Torneio sub 23 em Arraial do Cabo realizado pela Secretaria de Esportes de Arraial, atrav\u00e9s do Secret\u00e1rio Roni que deu toda infraestrutura para o torneio e a pela Professora Michelle Gaut\u00e9 que organizou todo o projeto<br> No masculino, com jogos bem disputados, tr\u00eas duplas representaram nossa cidade: Gabriel e Rocha\/ Felipe e Fernando\/ Jo\u00e3o Vitor e Rodrigo, que ficaram com a quinta coloca\u00e7\u00e3o do torneio de 10 duplas, sendo duplas representando as cidades de Cabo Frio, Arraial do Cabo e Silva Jardim. <br> No feminino foi premiado na categoria sub23 avan\u00e7ado e sub23 light, onde a Nayane Machado de Silva Jardim com grande \u00eaxito ficou com o terceiro lugar com a sua parceira \u201cCaladinha\u201d de Cabo Frio. Nayane que voluntariamente escreveu Silva Jardim no torneio, agradeceu a Secretaria de Esporte pelo apoio. \u201cAgradecemos ao nosso Secret\u00e1rio de Esporte, Juninho Peruca, pelo apoio e assim conseguimos ir e participar do torneio. \u201d<\/figcaption><\/figure>\n","protected":false},"excerpt":{"rendered":"","protected":false},"author":1,"featured_media":2817,"comment_status":"closed","ping_status":"closed","sticky":false,"template":"","format":"standard","meta":{"_mi_skip_tracking":false,"footnotes":""},"categories":[283,273],"tags":[],"class_list":["post-2816","post","type-post","status-publish","format-standard","has-post-thumbnail","hentry","category-esporte-e-lazer","category-prefeitura"],"_links":{"self":[{"href":"https:\/\/www.silvajardim.rj.gov.br\/index.php\/wp-json\/wp\/v2\/posts\/2816","targetHints":{"allow":["GET"]}}],"collection":[{"href":"https:\/\/www.silvajardim.rj.gov.br\/index.php\/wp-json\/wp\/v2\/posts"}],"about":[{"href":"https:\/\/www.silvajardim.rj.gov.br\/index.php\/wp-json\/wp\/v2\/types\/post"}],"author":[{"embeddable":true,"href":"https:\/\/www.silvajardim.rj.gov.br\/index.php\/wp-json\/wp\/v2\/users\/1"}],"replies":[{"embeddable":true,"href":"https:\/\/www.silvajardim.rj.gov.br\/index.php\/wp-json\/wp\/v2\/comments?post=2816"}],"version-history":[{"count":0,"href":"https:\/\/www.silvajardim.rj.gov.br\/index.php\/wp-json\/wp\/v2\/posts\/2816\/revisions"}],"wp:featuredmedia":[{"embeddable":true,"href":"https:\/\/www.silvajardim.rj.gov.br\/index.php\/wp-json\/"}],"wp:attachment":[{"href":"https:\/\/www.silvajardim.rj.gov.br\/index.php\/wp-json\/wp\/v2\/media?parent=2816"}],"wp:term":[{"taxonomy":"category","embeddable":true,"href":"https:\/\/www.silvajardim.rj.gov.br\/index.php\/wp-json\/wp\/v2\/categories?post=2816"},{"taxonomy":"post_tag","embeddable":true,"href":"https:\/\/www.silvajardim.rj.gov.br\/index.php\/wp-json\/wp\/v2\/tags?post=2816"}],"curies":[{"name":"wp","href":"https:\/\/api.w.org\/{rel}","templated":true}]}}