{"id":2904,"date":"2019-12-19T16:12:16","date_gmt":"2019-12-19T19:12:16","guid":{"rendered":"https:\/\/www.silvajardim.rj.gov.br\/?p=2904"},"modified":"2019-12-19T16:12:16","modified_gmt":"2019-12-19T19:12:16","slug":"final-de-semana-tera-apresentacao-do-espetaculo-o-quebra-nozes-na-praca-amaral-peixoto","status":"publish","type":"post","link":"https:\/\/www.silvajardim.rj.gov.br\/index.php\/2019\/12\/19\/final-de-semana-tera-apresentacao-do-espetaculo-o-quebra-nozes-na-praca-amaral-peixoto\/","title":{"rendered":"FINAL DE SEMANA TER\u00c1 APRESENTA\u00c7\u00c3O DO ESPET\u00c1CULO \u2018O QUEBRA NOZES\u2019 NA PRA\u00c7A AMARAL PEIXOTO"},"content":{"rendered":"\n<div class=\"wp-block-image\"><figure class=\"aligncenter\"><img decoding=\"async\" src=\"https:\/\/www.silvajardim.rj.gov.br\/wp-content\/uploads\/2019\/12\/79743240_2640820225973499_5749305800099102720_n.jpg\" alt=\"\" class=\"wp-image-2905\"\/><\/figure><\/div>\n\n\n\n<p class=\"texto-justificado\">\nAcontece no pr\u00f3ximo s\u00e1bado (21) e domingo (22), a partir das 20h, a  \napresenta\u00e7\u00e3o do espet\u00e1culo \u201cO Quebra Nozes\u201d, na Pra\u00e7a Amaral Peixoto, em\n  Silva Jardim. As apresenta\u00e7\u00f5es da pe\u00e7a ser\u00e3o feitas por alunos da  \nCompanhia de Dan\u00e7a Andremylla Machado. O evento tem apoio da Secretaria \n Municipal de Turismo e a entrada \u00e9 gratuita.\n\n<\/p>\n\n\n\n<p>  <\/p>\n","protected":false},"excerpt":{"rendered":"<p>Acontece no pr\u00f3ximo s\u00e1bado (21) e domingo (22), a partir das 20h, a apresenta\u00e7\u00e3o do espet\u00e1culo \u201cO Quebra Nozes\u201d, na<\/p>\n","protected":false},"author":1,"featured_media":2905,"comment_status":"closed","ping_status":"closed","sticky":false,"template":"","format":"standard","meta":{"_mi_skip_tracking":false,"footnotes":""},"categories":[273,278],"tags":[],"class_list":["post-2904","post","type-post","status-publish","format-standard","has-post-thumbnail","hentry","category-prefeitura","category-turismo"],"_links":{"self":[{"href":"https:\/\/www.silvajardim.rj.gov.br\/index.php\/wp-json\/wp\/v2\/posts\/2904","targetHints":{"allow":["GET"]}}],"collection":[{"href":"https:\/\/www.silvajardim.rj.gov.br\/index.php\/wp-json\/wp\/v2\/posts"}],"about":[{"href":"https:\/\/www.silvajardim.rj.gov.br\/index.php\/wp-json\/wp\/v2\/types\/post"}],"author":[{"embeddable":true,"href":"https:\/\/www.silvajardim.rj.gov.br\/index.php\/wp-json\/wp\/v2\/users\/1"}],"replies":[{"embeddable":true,"href":"https:\/\/www.silvajardim.rj.gov.br\/index.php\/wp-json\/wp\/v2\/comments?post=2904"}],"version-history":[{"count":0,"href":"https:\/\/www.silvajardim.rj.gov.br\/index.php\/wp-json\/wp\/v2\/posts\/2904\/revisions"}],"wp:featuredmedia":[{"embeddable":true,"href":"https:\/\/www.silvajardim.rj.gov.br\/index.php\/wp-json\/"}],"wp:attachment":[{"href":"https:\/\/www.silvajardim.rj.gov.br\/index.php\/wp-json\/wp\/v2\/media?parent=2904"}],"wp:term":[{"taxonomy":"category","embeddable":true,"href":"https:\/\/www.silvajardim.rj.gov.br\/index.php\/wp-json\/wp\/v2\/categories?post=2904"},{"taxonomy":"post_tag","embeddable":true,"href":"https:\/\/www.silvajardim.rj.gov.br\/index.php\/wp-json\/wp\/v2\/tags?post=2904"}],"curies":[{"name":"wp","href":"https:\/\/api.w.org\/{rel}","templated":true}]}}