{"id":3053,"date":"2020-03-26T18:22:31","date_gmt":"2020-03-26T21:22:31","guid":{"rendered":"https:\/\/www.silvajardim.rj.gov.br\/?p=3053"},"modified":"2020-03-26T18:22:31","modified_gmt":"2020-03-26T21:22:31","slug":"cadastro-e-renovacao-para-uso-do-transporte-universitario","status":"publish","type":"post","link":"https:\/\/www.silvajardim.rj.gov.br\/index.php\/2020\/03\/26\/cadastro-e-renovacao-para-uso-do-transporte-universitario\/","title":{"rendered":"CADASTRO E RENOVA\u00c7\u00c3O PARA USO DO TRANSPORTE UNIVERSIT\u00c1RIO"},"content":{"rendered":"\n<p>ATEN\u00c7\u00c3O: A Prefeitura Municipal de Silva Jardim, atrav\u00e9s da Secretaria Municipal de Educa\u00e7\u00e3o, Ci\u00eancias e Tecnologia, informa aos estudantes universit\u00e1rios as datas para renova\u00e7\u00e3o e cadastro de utiliza\u00e7\u00e3o do Transporte Universit\u00e1rio, durante o 1\u00b0 Semestre de 2020. Os interessados devem comparecer na Secretaria de Educa\u00e7\u00e3o nas datas e hor\u00e1rios estipulados a seguir, munidos dos documentos necess\u00e1rios.<\/p>\n\n\n\n<figure class=\"wp-block-image size-large\"><img decoding=\"async\" src=\"https:\/\/www.silvajardim.rj.gov.br\/wp-content\/uploads\/2020\/03\/82772122_2714671101921744_7248327503268282368_o.jpg\" alt=\"\" class=\"wp-image-3055\"\/><\/figure>\n\n\n\n<p>\u25aaPer\u00edodo para a renova\u00e7\u00e3o:<\/p>\n\n\n\n<p>27\/01 &#8211; 9h \u00e0s 11h30 e 13h30 \u00e0s 16h.<\/p>\n\n\n\n<p>29\/01 &#8211; 9h \u00e0s 11h30 e 13h30 \u00e0s 16h.<\/p>\n\n\n\n<p>Documentos necess\u00e1rios para a renova\u00e7\u00e3o:<\/p>\n\n\n\n<p>=&gt;Original e C\u00f3pia:<\/p>\n\n\n\n<p>* Carteirinha ou a \u00faltima autoriza\u00e7\u00e3o;<br>* Comprovante atualizado de resid\u00eancia;<br>* Comprovante de Matr\u00edcula e a Grade Curricular.<\/p>\n\n\n\n<p>\u25aaPer\u00edodo para os novos cadastros:<\/p>\n\n\n\n<p>30\/01 &#8211; 9h \u00e0s 11h30 e 13h30 \u00e0s 16h.<\/p>\n\n\n\n<p>31\/01 &#8211; 9h \u00e0s 13h.<\/p>\n\n\n\n<p>Documentos necess\u00e1rios para os novos cadastros, mediante vaga:<\/p>\n\n\n\n<p>=&gt;Original e C\u00f3pia:<\/p>\n\n\n\n<p>* CPF;<br>* RG;<br>* T\u00edtulo de Eleitor;<br>* Comprovante de resid\u00eancia de Silva Jardim, com data recente;<br>* 02 fotos 3 x 4;<br>* Comprovante de Matr\u00edcula na Universidade;<br>* Grade Curricular ou Plano de Estudos;<br>* Telefone para contato.<\/p>\n\n\n\n<p>A Secretaria Municipal de Educa\u00e7\u00e3o, Ci\u00eancias e Tecnologia, fica localizada na Rua Luiz Gomes, 792, Centro, Silva Jardim.<\/p>\n","protected":false},"excerpt":{"rendered":"<p>ATEN\u00c7\u00c3O: A Prefeitura Municipal de Silva Jardim, atrav\u00e9s da Secretaria Municipal de Educa\u00e7\u00e3o, Ci\u00eancias e Tecnologia, informa aos estudantes universit\u00e1rios<\/p>\n","protected":false},"author":1,"featured_media":3055,"comment_status":"closed","ping_status":"closed","sticky":false,"template":"","format":"standard","meta":{"_mi_skip_tracking":false,"footnotes":""},"categories":[286],"tags":[],"class_list":["post-3053","post","type-post","status-publish","format-standard","has-post-thumbnail","hentry","category-educacao"],"_links":{"self":[{"href":"https:\/\/www.silvajardim.rj.gov.br\/index.php\/wp-json\/wp\/v2\/posts\/3053","targetHints":{"allow":["GET"]}}],"collection":[{"href":"https:\/\/www.silvajardim.rj.gov.br\/index.php\/wp-json\/wp\/v2\/posts"}],"about":[{"href":"https:\/\/www.silvajardim.rj.gov.br\/index.php\/wp-json\/wp\/v2\/types\/post"}],"author":[{"embeddable":true,"href":"https:\/\/www.silvajardim.rj.gov.br\/index.php\/wp-json\/wp\/v2\/users\/1"}],"replies":[{"embeddable":true,"href":"https:\/\/www.silvajardim.rj.gov.br\/index.php\/wp-json\/wp\/v2\/comments?post=3053"}],"version-history":[{"count":0,"href":"https:\/\/www.silvajardim.rj.gov.br\/index.php\/wp-json\/wp\/v2\/posts\/3053\/revisions"}],"wp:featuredmedia":[{"embeddable":true,"href":"https:\/\/www.silvajardim.rj.gov.br\/index.php\/wp-json\/"}],"wp:attachment":[{"href":"https:\/\/www.silvajardim.rj.gov.br\/index.php\/wp-json\/wp\/v2\/media?parent=3053"}],"wp:term":[{"taxonomy":"category","embeddable":true,"href":"https:\/\/www.silvajardim.rj.gov.br\/index.php\/wp-json\/wp\/v2\/categories?post=3053"},{"taxonomy":"post_tag","embeddable":true,"href":"https:\/\/www.silvajardim.rj.gov.br\/index.php\/wp-json\/wp\/v2\/tags?post=3053"}],"curies":[{"name":"wp","href":"https:\/\/api.w.org\/{rel}","templated":true}]}}