{"id":3076,"date":"2020-03-26T18:39:09","date_gmt":"2020-03-26T21:39:09","guid":{"rendered":"https:\/\/www.silvajardim.rj.gov.br\/?p=3076"},"modified":"2020-03-26T18:39:09","modified_gmt":"2020-03-26T21:39:09","slug":"o-centro-nacional-de-gerenciamento-de-riscos-e-desastres-cenad-com-base-nos-documentos-oficiais-emitidos-pelas-agencias-federais-de-monitoramento-de-clima-tempo-mantem-vigente-o-alerta-par","status":"publish","type":"post","link":"https:\/\/www.silvajardim.rj.gov.br\/index.php\/2020\/03\/26\/o-centro-nacional-de-gerenciamento-de-riscos-e-desastres-cenad-com-base-nos-documentos-oficiais-emitidos-pelas-agencias-federais-de-monitoramento-de-clima-tempo-mantem-vigente-o-alerta-par\/","title":{"rendered":"O Centro Nacional de Gerenciamento de Riscos e Desastres \u2013 CENAD, com base nos documentos oficiais emitidos pelas Ag\u00eancias Federais de monitoramento de clima\/tempo, mant\u00e9m vigente o Alerta para chuvas intensas e altos acumulados de precipita\u00e7\u00e3o."},"content":{"rendered":"\n<p>Efeitos poss\u00edveis:<br>&#8211; Alagamentos, inunda\u00e7\u00f5es e enxurradas, devido a intensidade da chuva esperada.<br>\u2010 Deslizamentos, devido ao acumulado de chuva.<\/p>\n\n\n\n<p>&#8211; Evitem \u00e1reas de alagamentos e inunda\u00e7\u00f5es;<br>&#8211; Cuidado com locais que possam acontecer deslizamentos como: encostas.<br>&#8211; Ao sair de sua casa desliguem o disjuntor, \u00e1gua na altura do medidores entre em contato com a Prote\u00e7\u00e3o e Defesa Civil (199) ou Enel (0800 280 0120).<\/p>\n\n\n\n<figure class=\"wp-block-image size-large\"><img decoding=\"async\" src=\"https:\/\/www.silvajardim.rj.gov.br\/wp-content\/uploads\/2020\/03\/82825196_2717391268316394_3644662359227629568_o.jpg\" alt=\"\" class=\"wp-image-3077\"\/><\/figure>\n\n\n\n<figure class=\"wp-block-image size-large\"><img decoding=\"async\" src=\"https:\/\/www.silvajardim.rj.gov.br\/wp-content\/uploads\/2020\/03\/82810715_2717391281649726_5070942486227058688_o.jpg\" alt=\"\" class=\"wp-image-3078\"\/><\/figure>\n","protected":false},"excerpt":{"rendered":"<p>Efeitos poss\u00edveis:&#8211; Alagamentos, inunda\u00e7\u00f5es e enxurradas, devido a intensidade da chuva esperada.\u2010 Deslizamentos, devido ao acumulado de chuva. &#8211; Evitem<\/p>\n","protected":false},"author":1,"featured_media":3077,"comment_status":"closed","ping_status":"closed","sticky":false,"template":"","format":"standard","meta":{"_mi_skip_tracking":false,"footnotes":""},"categories":[285],"tags":[],"class_list":["post-3076","post","type-post","status-publish","format-standard","has-post-thumbnail","hentry","category-defesa-civil"],"_links":{"self":[{"href":"https:\/\/www.silvajardim.rj.gov.br\/index.php\/wp-json\/wp\/v2\/posts\/3076","targetHints":{"allow":["GET"]}}],"collection":[{"href":"https:\/\/www.silvajardim.rj.gov.br\/index.php\/wp-json\/wp\/v2\/posts"}],"about":[{"href":"https:\/\/www.silvajardim.rj.gov.br\/index.php\/wp-json\/wp\/v2\/types\/post"}],"author":[{"embeddable":true,"href":"https:\/\/www.silvajardim.rj.gov.br\/index.php\/wp-json\/wp\/v2\/users\/1"}],"replies":[{"embeddable":true,"href":"https:\/\/www.silvajardim.rj.gov.br\/index.php\/wp-json\/wp\/v2\/comments?post=3076"}],"version-history":[{"count":0,"href":"https:\/\/www.silvajardim.rj.gov.br\/index.php\/wp-json\/wp\/v2\/posts\/3076\/revisions"}],"wp:featuredmedia":[{"embeddable":true,"href":"https:\/\/www.silvajardim.rj.gov.br\/index.php\/wp-json\/"}],"wp:attachment":[{"href":"https:\/\/www.silvajardim.rj.gov.br\/index.php\/wp-json\/wp\/v2\/media?parent=3076"}],"wp:term":[{"taxonomy":"category","embeddable":true,"href":"https:\/\/www.silvajardim.rj.gov.br\/index.php\/wp-json\/wp\/v2\/categories?post=3076"},{"taxonomy":"post_tag","embeddable":true,"href":"https:\/\/www.silvajardim.rj.gov.br\/index.php\/wp-json\/wp\/v2\/tags?post=3076"}],"curies":[{"name":"wp","href":"https:\/\/api.w.org\/{rel}","templated":true}]}}