{"id":3080,"date":"2020-03-26T19:38:15","date_gmt":"2020-03-26T22:38:15","guid":{"rendered":"https:\/\/www.silvajardim.rj.gov.br\/?p=3080"},"modified":"2020-03-26T19:38:15","modified_gmt":"2020-03-26T22:38:15","slug":"prefeitura-cumpre-solicitacao-do-ministerio-publico-em-aldeia-velha","status":"publish","type":"post","link":"https:\/\/www.silvajardim.rj.gov.br\/index.php\/2020\/03\/26\/prefeitura-cumpre-solicitacao-do-ministerio-publico-em-aldeia-velha\/","title":{"rendered":"PREFEITURA CUMPRE SOLICITA\u00c7\u00c3O DO MINIST\u00c9RIO P\u00daBLICO EM ALDEIA VELHA"},"content":{"rendered":"\n<p>A Prefeitura de Silva Jardim, atrav\u00e9s das Secretarias Municipais de Seguran\u00e7a P\u00fablica, Defesa Civil e Meio Ambiente, realizou na \u00faltima quinta-feira (23), uma opera\u00e7\u00e3o de desobstru\u00e7\u00e3o das passagens, trilhas e caminhos que d\u00e3o acesso as cachoeiras e rios, em Aldeia Velha. O local \u00e9 denominado e conhecido como Po\u00e7o Raiz. A a\u00e7\u00e3o foi uma solicita\u00e7\u00e3o do Minist\u00e9rio P\u00fablico, conforme a Lei 6.589 de 18 de novembro de 2013. A opera\u00e7\u00e3o contou ainda com o apoio da Pol\u00edcia Militar.<\/p>\n\n\n\n<figure class=\"wp-block-image size-large\"><img decoding=\"async\" src=\"https:\/\/www.silvajardim.rj.gov.br\/wp-content\/uploads\/2020\/03\/82913929_2718599431528911_8694603829766782976_o-1024x576.jpg\" alt=\"\" class=\"wp-image-3081\"\/><\/figure>\n","protected":false},"excerpt":{"rendered":"<p>A Prefeitura de Silva Jardim, atrav\u00e9s das Secretarias Municipais de Seguran\u00e7a P\u00fablica, Defesa Civil e Meio Ambiente, realizou na \u00faltima<\/p>\n","protected":false},"author":1,"featured_media":3081,"comment_status":"closed","ping_status":"closed","sticky":false,"template":"","format":"standard","meta":{"_mi_skip_tracking":false,"footnotes":""},"categories":[285,276,273,280],"tags":[],"class_list":["post-3080","post","type-post","status-publish","format-standard","has-post-thumbnail","hentry","category-defesa-civil","category-meio-ambiente","category-prefeitura","category-seguranca-publica"],"_links":{"self":[{"href":"https:\/\/www.silvajardim.rj.gov.br\/index.php\/wp-json\/wp\/v2\/posts\/3080","targetHints":{"allow":["GET"]}}],"collection":[{"href":"https:\/\/www.silvajardim.rj.gov.br\/index.php\/wp-json\/wp\/v2\/posts"}],"about":[{"href":"https:\/\/www.silvajardim.rj.gov.br\/index.php\/wp-json\/wp\/v2\/types\/post"}],"author":[{"embeddable":true,"href":"https:\/\/www.silvajardim.rj.gov.br\/index.php\/wp-json\/wp\/v2\/users\/1"}],"replies":[{"embeddable":true,"href":"https:\/\/www.silvajardim.rj.gov.br\/index.php\/wp-json\/wp\/v2\/comments?post=3080"}],"version-history":[{"count":0,"href":"https:\/\/www.silvajardim.rj.gov.br\/index.php\/wp-json\/wp\/v2\/posts\/3080\/revisions"}],"wp:featuredmedia":[{"embeddable":true,"href":"https:\/\/www.silvajardim.rj.gov.br\/index.php\/wp-json\/"}],"wp:attachment":[{"href":"https:\/\/www.silvajardim.rj.gov.br\/index.php\/wp-json\/wp\/v2\/media?parent=3080"}],"wp:term":[{"taxonomy":"category","embeddable":true,"href":"https:\/\/www.silvajardim.rj.gov.br\/index.php\/wp-json\/wp\/v2\/categories?post=3080"},{"taxonomy":"post_tag","embeddable":true,"href":"https:\/\/www.silvajardim.rj.gov.br\/index.php\/wp-json\/wp\/v2\/tags?post=3080"}],"curies":[{"name":"wp","href":"https:\/\/api.w.org\/{rel}","templated":true}]}}