{"id":3083,"date":"2020-03-26T19:40:01","date_gmt":"2020-03-26T22:40:01","guid":{"rendered":"https:\/\/www.silvajardim.rj.gov.br\/?p=3083"},"modified":"2020-03-26T19:40:01","modified_gmt":"2020-03-26T22:40:01","slug":"prefeitura-se-reune-com-o-crea-rj-em-busca-de-parcerias-para-o-municipio","status":"publish","type":"post","link":"https:\/\/www.silvajardim.rj.gov.br\/index.php\/2020\/03\/26\/prefeitura-se-reune-com-o-crea-rj-em-busca-de-parcerias-para-o-municipio\/","title":{"rendered":"PREFEITURA SE RE\u00daNE COM O CREA-RJ EM BUSCA DE PARCERIAS PARA O MUNIC\u00cdPIO"},"content":{"rendered":"\n<p>A Prefeitura Municipal de Silva Jardim realizou na \u00faltima quarta-feira (22), uma reuni\u00e3o com representantes do Conselho Regional de Engenharia e Agronomia (CREA-RJ).<\/p>\n\n\n\n<figure class=\"wp-block-image size-large\"><img decoding=\"async\" src=\"https:\/\/www.silvajardim.rj.gov.br\/wp-content\/uploads\/2020\/03\/83714493_2716985085023679_9028404569138266112_o.jpg\" alt=\"\" class=\"wp-image-3084\"\/><\/figure>\n\n\n\n<p>O objetivo do encontro foi estreitar a rela\u00e7\u00e3o entre as institui\u00e7\u00f5es, com o intuito de desenvolver um trabalho em parceira, principalmente, na regulamenta\u00e7\u00e3o das atividades de Engenharia e Agronomia, fiscaliza\u00e7\u00e3o de obras, editais de licita\u00e7\u00e3o e suporte t\u00e9cnico para o desenvolvimento do Munic\u00edpio. A reuni\u00e3o contou com a participa\u00e7\u00e3o do Prefeito de Silva Jardim, e dos Agentes de Fiscaliza\u00e7\u00e3o do CREA-RJ, Silvia Barbosa e Ottassano Panetto.<\/p>\n","protected":false},"excerpt":{"rendered":"<p>A Prefeitura Municipal de Silva Jardim realizou na \u00faltima quarta-feira (22), uma reuni\u00e3o com representantes do Conselho Regional de Engenharia<\/p>\n","protected":false},"author":1,"featured_media":3084,"comment_status":"closed","ping_status":"closed","sticky":false,"template":"","format":"standard","meta":{"_mi_skip_tracking":false,"footnotes":""},"categories":[273],"tags":[],"class_list":["post-3083","post","type-post","status-publish","format-standard","has-post-thumbnail","hentry","category-prefeitura"],"_links":{"self":[{"href":"https:\/\/www.silvajardim.rj.gov.br\/index.php\/wp-json\/wp\/v2\/posts\/3083","targetHints":{"allow":["GET"]}}],"collection":[{"href":"https:\/\/www.silvajardim.rj.gov.br\/index.php\/wp-json\/wp\/v2\/posts"}],"about":[{"href":"https:\/\/www.silvajardim.rj.gov.br\/index.php\/wp-json\/wp\/v2\/types\/post"}],"author":[{"embeddable":true,"href":"https:\/\/www.silvajardim.rj.gov.br\/index.php\/wp-json\/wp\/v2\/users\/1"}],"replies":[{"embeddable":true,"href":"https:\/\/www.silvajardim.rj.gov.br\/index.php\/wp-json\/wp\/v2\/comments?post=3083"}],"version-history":[{"count":0,"href":"https:\/\/www.silvajardim.rj.gov.br\/index.php\/wp-json\/wp\/v2\/posts\/3083\/revisions"}],"wp:featuredmedia":[{"embeddable":true,"href":"https:\/\/www.silvajardim.rj.gov.br\/index.php\/wp-json\/"}],"wp:attachment":[{"href":"https:\/\/www.silvajardim.rj.gov.br\/index.php\/wp-json\/wp\/v2\/media?parent=3083"}],"wp:term":[{"taxonomy":"category","embeddable":true,"href":"https:\/\/www.silvajardim.rj.gov.br\/index.php\/wp-json\/wp\/v2\/categories?post=3083"},{"taxonomy":"post_tag","embeddable":true,"href":"https:\/\/www.silvajardim.rj.gov.br\/index.php\/wp-json\/wp\/v2\/tags?post=3083"}],"curies":[{"name":"wp","href":"https:\/\/api.w.org\/{rel}","templated":true}]}}