{"id":3215,"date":"2020-03-27T12:20:56","date_gmt":"2020-03-27T15:20:56","guid":{"rendered":"https:\/\/www.silvajardim.rj.gov.br\/?p=3215"},"modified":"2020-03-27T12:20:56","modified_gmt":"2020-03-27T15:20:56","slug":"atencao-moradores-do-bairro-caju-e-loteamento-nova-silva-jardim","status":"publish","type":"post","link":"https:\/\/www.silvajardim.rj.gov.br\/index.php\/2020\/03\/27\/atencao-moradores-do-bairro-caju-e-loteamento-nova-silva-jardim\/","title":{"rendered":"ATEN\u00c7\u00c3O MORADORES DO BAIRRO CAJU E LOTEAMENTO NOVA SILVA JARDIM!"},"content":{"rendered":"\n<p>Informamos que o n\u00edvel da \u00e1gua continua subindo e alertamos que deixem suas casas imediatamente!<\/p>\n\n\n\n<p>A Prefeitura de Silva Jardim, atrav\u00e9s da Secretaria Municipal de Promo\u00e7\u00e3o Social e da Subsecretaria Municipal de Defesa Civil est\u00e3o no local dando total apoio e suporte para as fam\u00edlias atingidas pela forte chuva.<\/p>\n\n\n\n<p>Informamos ainda que o CEPM Vera L\u00facia Pereira Coelho j\u00e1 est\u00e1 aberto para receber os desabrigados e desalojados.<\/p>\n\n\n\n<figure class=\"wp-block-image size-large\"><img decoding=\"async\" src=\"https:\/\/www.silvajardim.rj.gov.br\/wp-content\/uploads\/2020\/03\/90444118_2830276733694513_5140425762767110144_o.jpg\" alt=\"\" class=\"wp-image-3216\"\/><\/figure>\n","protected":false},"excerpt":{"rendered":"<p>Informamos que o n\u00edvel da \u00e1gua continua subindo e alertamos que deixem suas casas imediatamente! A Prefeitura de Silva Jardim,<\/p>\n","protected":false},"author":1,"featured_media":3216,"comment_status":"closed","ping_status":"closed","sticky":false,"template":"","format":"standard","meta":{"_mi_skip_tracking":false,"footnotes":""},"categories":[285],"tags":[],"class_list":["post-3215","post","type-post","status-publish","format-standard","has-post-thumbnail","hentry","category-defesa-civil"],"_links":{"self":[{"href":"https:\/\/www.silvajardim.rj.gov.br\/index.php\/wp-json\/wp\/v2\/posts\/3215","targetHints":{"allow":["GET"]}}],"collection":[{"href":"https:\/\/www.silvajardim.rj.gov.br\/index.php\/wp-json\/wp\/v2\/posts"}],"about":[{"href":"https:\/\/www.silvajardim.rj.gov.br\/index.php\/wp-json\/wp\/v2\/types\/post"}],"author":[{"embeddable":true,"href":"https:\/\/www.silvajardim.rj.gov.br\/index.php\/wp-json\/wp\/v2\/users\/1"}],"replies":[{"embeddable":true,"href":"https:\/\/www.silvajardim.rj.gov.br\/index.php\/wp-json\/wp\/v2\/comments?post=3215"}],"version-history":[{"count":0,"href":"https:\/\/www.silvajardim.rj.gov.br\/index.php\/wp-json\/wp\/v2\/posts\/3215\/revisions"}],"wp:featuredmedia":[{"embeddable":true,"href":"https:\/\/www.silvajardim.rj.gov.br\/index.php\/wp-json\/"}],"wp:attachment":[{"href":"https:\/\/www.silvajardim.rj.gov.br\/index.php\/wp-json\/wp\/v2\/media?parent=3215"}],"wp:term":[{"taxonomy":"category","embeddable":true,"href":"https:\/\/www.silvajardim.rj.gov.br\/index.php\/wp-json\/wp\/v2\/categories?post=3215"},{"taxonomy":"post_tag","embeddable":true,"href":"https:\/\/www.silvajardim.rj.gov.br\/index.php\/wp-json\/wp\/v2\/tags?post=3215"}],"curies":[{"name":"wp","href":"https:\/\/api.w.org\/{rel}","templated":true}]}}