{"id":3833,"date":"2020-05-06T12:11:30","date_gmt":"2020-05-06T15:11:30","guid":{"rendered":"https:\/\/www.silvajardim.rj.gov.br\/?p=3833"},"modified":"2020-05-06T12:11:30","modified_gmt":"2020-05-06T15:11:30","slug":"guarda-civil-municipal-realiza-rondas-preventivas-com-frequencia","status":"publish","type":"post","link":"https:\/\/www.silvajardim.rj.gov.br\/index.php\/2020\/05\/06\/guarda-civil-municipal-realiza-rondas-preventivas-com-frequencia\/","title":{"rendered":"GUARDA CIVIL MUNICIPAL REALIZA RONDAS PREVENTIVAS COM FREQU\u00caNCIA"},"content":{"rendered":"\n<p>A Prefeitura de Silva Jardim, atrav\u00e9s da Secretaria Municipal de Ordem P\u00fablica e Defesa Civil vem realizando rondas noturnas preventivas em diversos bairros do Munic\u00edpio. A a\u00e7\u00e3o visa combater o poss\u00edvel aumento nos \u00edndices de furtos na cidade.<\/p>\n\n\n\n<figure class=\"wp-block-image size-large\"><img decoding=\"async\" src=\"https:\/\/www.silvajardim.rj.gov.br\/wp-content\/uploads\/2020\/05\/WhatsApp-Image-2020-05-06-at-09.47.28-735x1024.jpeg\" alt=\"\" class=\"wp-image-3834\"\/><\/figure>\n","protected":false},"excerpt":{"rendered":"<p>A Prefeitura de Silva Jardim, atrav\u00e9s da Secretaria Municipal de Ordem P\u00fablica e Defesa Civil vem realizando rondas noturnas preventivas<\/p>\n","protected":false},"author":1,"featured_media":3834,"comment_status":"closed","ping_status":"closed","sticky":false,"template":"","format":"standard","meta":{"_mi_skip_tracking":false,"footnotes":""},"categories":[280],"tags":[],"class_list":["post-3833","post","type-post","status-publish","format-standard","has-post-thumbnail","hentry","category-seguranca-publica"],"_links":{"self":[{"href":"https:\/\/www.silvajardim.rj.gov.br\/index.php\/wp-json\/wp\/v2\/posts\/3833","targetHints":{"allow":["GET"]}}],"collection":[{"href":"https:\/\/www.silvajardim.rj.gov.br\/index.php\/wp-json\/wp\/v2\/posts"}],"about":[{"href":"https:\/\/www.silvajardim.rj.gov.br\/index.php\/wp-json\/wp\/v2\/types\/post"}],"author":[{"embeddable":true,"href":"https:\/\/www.silvajardim.rj.gov.br\/index.php\/wp-json\/wp\/v2\/users\/1"}],"replies":[{"embeddable":true,"href":"https:\/\/www.silvajardim.rj.gov.br\/index.php\/wp-json\/wp\/v2\/comments?post=3833"}],"version-history":[{"count":0,"href":"https:\/\/www.silvajardim.rj.gov.br\/index.php\/wp-json\/wp\/v2\/posts\/3833\/revisions"}],"wp:featuredmedia":[{"embeddable":true,"href":"https:\/\/www.silvajardim.rj.gov.br\/index.php\/wp-json\/"}],"wp:attachment":[{"href":"https:\/\/www.silvajardim.rj.gov.br\/index.php\/wp-json\/wp\/v2\/media?parent=3833"}],"wp:term":[{"taxonomy":"category","embeddable":true,"href":"https:\/\/www.silvajardim.rj.gov.br\/index.php\/wp-json\/wp\/v2\/categories?post=3833"},{"taxonomy":"post_tag","embeddable":true,"href":"https:\/\/www.silvajardim.rj.gov.br\/index.php\/wp-json\/wp\/v2\/tags?post=3833"}],"curies":[{"name":"wp","href":"https:\/\/api.w.org\/{rel}","templated":true}]}}