{"id":3842,"date":"2020-05-06T18:27:36","date_gmt":"2020-05-06T21:27:36","guid":{"rendered":"https:\/\/www.silvajardim.rj.gov.br\/?p=3842"},"modified":"2020-05-06T18:27:36","modified_gmt":"2020-05-06T21:27:36","slug":"paciente-reencontrara-a-familia-apos-20-anos-longe-de-casa","status":"publish","type":"post","link":"https:\/\/www.silvajardim.rj.gov.br\/index.php\/2020\/05\/06\/paciente-reencontrara-a-familia-apos-20-anos-longe-de-casa\/","title":{"rendered":"PACIENTE REENCONTRAR\u00c1 A FAM\u00cdLIA AP\u00d3S 20 ANOS LONGE DE CASA"},"content":{"rendered":"\n<p>O paciente Valmer Ventura, de 53 anos, deu entrada em nossa Unidade de Pronto Atendimento (UPA 24H) no dia 12 de janeiro de 2020, com muitos problemas cl\u00ednicos e uma demanda social. Natural do Estado de Minas Gerais, no qual se encontrava distante h\u00e1 20 anos, Valmer vivia em situa\u00e7\u00e3o de rua, andava sem destino em busca de trabalho e melhores condi\u00e7\u00f5es de vida. Ele havia perdido totalmente o contato com seus familiares. Para sobreviver, Valmer conseguiu um trabalho como ajudante de meeiro em troca de alimenta\u00e7\u00e3o e moradia, sem v\u00ednculo empregat\u00edcio.<\/p>\n\n\n\n<p>Assim que o paciente deu entrada na Unidade de Pronto Atendimento (UPA 24H), ele foi internado e teve seu tratamento iniciado pelas equipes de m\u00e9dicos, enfermeiros, t\u00e9cnicos e assistentes sociais da sa\u00fade. Com muito esfor\u00e7o e determina\u00e7\u00e3o, as equipes de sa\u00fade e assist\u00eancia social iniciaram uma busca pelos seus familiares nas redes sociais, conseguindo contato telef\u00f4nico com a fam\u00edlia de Valmer, em Minas Gerais. Ap\u00f3s o envio de fotos, ele foi reconhecido por seus entes queridos. A fam\u00edlia deseja receb\u00ea-lo de volta em sua casa.<\/p>\n\n\n\n<p>Outra conquista importante, foi cadastr\u00e1-lo no Bolsa Fam\u00edlia, at\u00e9 que possa ser inserido no benef\u00edcio assistencial de presta\u00e7\u00e3o continuada. Atrav\u00e9s de uma articula\u00e7\u00e3o entre as Secretarias Municipais de Sa\u00fade e Assist\u00eancia Social, Trabalho, Habita\u00e7\u00e3o e Promo\u00e7\u00e3o Social, Valmer Ventura ser\u00e1 reconduzido ao seu ambiente familiar em Minas Gerais, ap\u00f3s 20 anos longe de casa.<\/p>\n\n\n\n<p>Parab\u00e9ns a todos os profissionais que, direta ou indiretamente, participaram ou contribu\u00edram para que essa hist\u00f3ria tivesse esse final. <\/p>\n\n\n\n<figure class=\"wp-block-image\"><img decoding=\"async\" src=\"https:\/\/www.silvajardim.rj.gov.br\/wp-content\/uploads\/2020\/05\/WhatsApp-Image-2020-05-06-at-14.22.18-1024x576.jpeg\" alt=\"\" class=\"wp-image-3844\"\/><\/figure>\n\n\n\n<figure class=\"wp-block-image\"><img decoding=\"async\" src=\"https:\/\/www.silvajardim.rj.gov.br\/wp-content\/uploads\/2020\/05\/WhatsApp-Image-2020-05-06-at-14.22.18-1-768x1024.jpeg\" alt=\"\" class=\"wp-image-3843\"\/><\/figure>\n","protected":false},"excerpt":{"rendered":"<p>O paciente Valmer Ventura, de 53 anos, deu entrada em nossa Unidade de Pronto Atendimento (UPA 24H) no dia 12<\/p>\n","protected":false},"author":1,"featured_media":3844,"comment_status":"closed","ping_status":"closed","sticky":false,"template":"","format":"standard","meta":{"_mi_skip_tracking":false,"footnotes":""},"categories":[287,275],"tags":[],"class_list":["post-3842","post","type-post","status-publish","format-standard","has-post-thumbnail","hentry","category-promocao-social","category-saude"],"_links":{"self":[{"href":"https:\/\/www.silvajardim.rj.gov.br\/index.php\/wp-json\/wp\/v2\/posts\/3842","targetHints":{"allow":["GET"]}}],"collection":[{"href":"https:\/\/www.silvajardim.rj.gov.br\/index.php\/wp-json\/wp\/v2\/posts"}],"about":[{"href":"https:\/\/www.silvajardim.rj.gov.br\/index.php\/wp-json\/wp\/v2\/types\/post"}],"author":[{"embeddable":true,"href":"https:\/\/www.silvajardim.rj.gov.br\/index.php\/wp-json\/wp\/v2\/users\/1"}],"replies":[{"embeddable":true,"href":"https:\/\/www.silvajardim.rj.gov.br\/index.php\/wp-json\/wp\/v2\/comments?post=3842"}],"version-history":[{"count":0,"href":"https:\/\/www.silvajardim.rj.gov.br\/index.php\/wp-json\/wp\/v2\/posts\/3842\/revisions"}],"wp:featuredmedia":[{"embeddable":true,"href":"https:\/\/www.silvajardim.rj.gov.br\/index.php\/wp-json\/"}],"wp:attachment":[{"href":"https:\/\/www.silvajardim.rj.gov.br\/index.php\/wp-json\/wp\/v2\/media?parent=3842"}],"wp:term":[{"taxonomy":"category","embeddable":true,"href":"https:\/\/www.silvajardim.rj.gov.br\/index.php\/wp-json\/wp\/v2\/categories?post=3842"},{"taxonomy":"post_tag","embeddable":true,"href":"https:\/\/www.silvajardim.rj.gov.br\/index.php\/wp-json\/wp\/v2\/tags?post=3842"}],"curies":[{"name":"wp","href":"https:\/\/api.w.org\/{rel}","templated":true}]}}