{"id":4163,"date":"2020-05-21T20:38:14","date_gmt":"2020-05-21T23:38:14","guid":{"rendered":"https:\/\/www.silvajardim.rj.gov.br\/?p=4163"},"modified":"2020-05-21T20:38:14","modified_gmt":"2020-05-21T23:38:14","slug":"prefeitura-inicia-distribuicao-do-kit-merenda-para-os-alunos-das-escolas-da-rede-publica-municipal","status":"publish","type":"post","link":"https:\/\/www.silvajardim.rj.gov.br\/index.php\/2020\/05\/21\/prefeitura-inicia-distribuicao-do-kit-merenda-para-os-alunos-das-escolas-da-rede-publica-municipal\/","title":{"rendered":"PREFEITURA INICIA DISTRIBUI\u00c7\u00c3O DO KIT MERENDA PARA OS ALUNOS DAS ESCOLAS DA REDE P\u00daBLICA MUNICIPAL"},"content":{"rendered":"\n<figure class=\"wp-block-image size-large\"><img decoding=\"async\" src=\"https:\/\/www.silvajardim.rj.gov.br\/wp-content\/uploads\/2020\/05\/kit-merenda-1-1024x1024.png\" alt=\"\" class=\"wp-image-4167\"\/><\/figure>\n\n\n\n<p>A Prefeitura de Silva Jardim, atrav\u00e9s da Secretaria Municipal de Educa\u00e7\u00e3o, Ci\u00eancia e Tecnologia, informa \u00e0 popula\u00e7\u00e3o que iniciou na \u00faltima quarta-feira (20), a distribui\u00e7\u00e3o do Kit Merenda para os alunos matriculados nas Escolas da Rede P\u00fablica Municipal. Comunicamos aos pais ou respons\u00e1veis que os kits est\u00e3o sendo entregues em suas resid\u00eancias.<\/p>\n\n\n\n<p>Na \u00faltima quarta-feira (20), os kits\nforam entregues para os alunos das seguintes escolas e seus respectivos\nbairros:<\/p>\n\n\n\n<p>&#8211; E.M. Agenor Pires da Cunha \u2013 Caxito<\/p>\n\n\n\n<p>&#8211; E.M. Vila Silva Jardim \u2013 Aldeia Velha<\/p>\n\n\n\n<p>&#8211; E.E.M. Gavi\u00f5es \u2013 Gavi\u00f5es<\/p>\n\n\n\n<p>&#8211; E.E.M. Prof. Corina Halfeld \u2013\nBananeiras<\/p>\n\n\n\n<p>&#8211; E.E.M. Vargem Grande \u2013 Vargem Grande <\/p>\n\n\n\n<p>Divulgaremos nos pr\u00f3ximos dias as demais comunidades escolares contempladas. <\/p>\n","protected":false},"excerpt":{"rendered":"<p>A Prefeitura de Silva Jardim, atrav\u00e9s da Secretaria Municipal de Educa\u00e7\u00e3o, Ci\u00eancia e Tecnologia, informa \u00e0 popula\u00e7\u00e3o que iniciou na<\/p>\n","protected":false},"author":1,"featured_media":4164,"comment_status":"closed","ping_status":"closed","sticky":false,"template":"","format":"standard","meta":{"_mi_skip_tracking":false,"footnotes":""},"categories":[286,273],"tags":[],"class_list":["post-4163","post","type-post","status-publish","format-standard","has-post-thumbnail","hentry","category-educacao","category-prefeitura"],"_links":{"self":[{"href":"https:\/\/www.silvajardim.rj.gov.br\/index.php\/wp-json\/wp\/v2\/posts\/4163","targetHints":{"allow":["GET"]}}],"collection":[{"href":"https:\/\/www.silvajardim.rj.gov.br\/index.php\/wp-json\/wp\/v2\/posts"}],"about":[{"href":"https:\/\/www.silvajardim.rj.gov.br\/index.php\/wp-json\/wp\/v2\/types\/post"}],"author":[{"embeddable":true,"href":"https:\/\/www.silvajardim.rj.gov.br\/index.php\/wp-json\/wp\/v2\/users\/1"}],"replies":[{"embeddable":true,"href":"https:\/\/www.silvajardim.rj.gov.br\/index.php\/wp-json\/wp\/v2\/comments?post=4163"}],"version-history":[{"count":0,"href":"https:\/\/www.silvajardim.rj.gov.br\/index.php\/wp-json\/wp\/v2\/posts\/4163\/revisions"}],"wp:featuredmedia":[{"embeddable":true,"href":"https:\/\/www.silvajardim.rj.gov.br\/index.php\/wp-json\/"}],"wp:attachment":[{"href":"https:\/\/www.silvajardim.rj.gov.br\/index.php\/wp-json\/wp\/v2\/media?parent=4163"}],"wp:term":[{"taxonomy":"category","embeddable":true,"href":"https:\/\/www.silvajardim.rj.gov.br\/index.php\/wp-json\/wp\/v2\/categories?post=4163"},{"taxonomy":"post_tag","embeddable":true,"href":"https:\/\/www.silvajardim.rj.gov.br\/index.php\/wp-json\/wp\/v2\/tags?post=4163"}],"curies":[{"name":"wp","href":"https:\/\/api.w.org\/{rel}","templated":true}]}}