{"id":4220,"date":"2020-05-27T11:57:23","date_gmt":"2020-05-27T14:57:23","guid":{"rendered":"https:\/\/www.silvajardim.rj.gov.br\/?p=4220"},"modified":"2020-05-27T11:57:23","modified_gmt":"2020-05-27T14:57:23","slug":"27-de-maio-dia-nacional-da-mata-atlantica","status":"publish","type":"post","link":"https:\/\/www.silvajardim.rj.gov.br\/index.php\/2020\/05\/27\/27-de-maio-dia-nacional-da-mata-atlantica\/","title":{"rendered":"27 DE MAIO \u2013 DIA NACIONAL DA MATA ATL\u00c2NTICA"},"content":{"rendered":"\n<figure class=\"wp-block-image size-large\"><img decoding=\"async\" src=\"https:\/\/www.silvajardim.rj.gov.br\/wp-content\/uploads\/2020\/05\/WhatsApp-Image-2020-05-27-at-11.38.58-1024x683.jpeg\" alt=\"\" class=\"wp-image-4221\"\/><\/figure>\n\n\n\n<p>Nesta quarta-feira, dia 27 de maio, comemora-se o Dia Nacional da Mata Atl\u00e2ntica. A data \u00e9 uma refer\u00eancia ao dia que o Padre Anchieta assinou a \u201cCarta de S\u00e3o Vicente\u201d, documento no qual descreveu, pela primeira vez, a biodiversidade das florestas tropicais nas Am\u00e9ricas, em 27 de maio de 1560. Esta data tem, acima de tudo, o objetivo de conscientizar a popula\u00e7\u00e3o em geral sobre a necessidade emergencial de proteger e recuperar a Mata Atl\u00e2ntica brasileira, um dos biomas mais antigos do Brasil, originado h\u00e1 aproximadamente 70 milh\u00f5es de anos. <\/p>\n\n\n\n<p>A Mata Atl\u00e2ntica compunha cerca de 12% do territ\u00f3rio brasileiro, estendendo-se pelo litoral das regi\u00f5es Nordeste, Sudeste e Sul, sendo verificada ainda em algumas \u00e1reas do Centro-Oeste. Hoje em dia, restam apenas 7% da \u00e1rea total da floresta, que \u00e9 mantida principalmente em \u00e1reas de conserva\u00e7\u00e3o ambiental, como parques subsidiados por diversos \u00f3rg\u00e3os estatais. O Mico-Le\u00e3o-Dourado vive no que restou de Mata Atl\u00e2ntica entre os Munic\u00edpios de Silva Jardim e Casimiro de Abreu, no Estado do Rio de Janeiro.<\/p>\n","protected":false},"excerpt":{"rendered":"<p>Nesta quarta-feira, dia 27 de maio, comemora-se o Dia Nacional da Mata Atl\u00e2ntica. A data \u00e9 uma refer\u00eancia ao dia<\/p>\n","protected":false},"author":1,"featured_media":4221,"comment_status":"closed","ping_status":"closed","sticky":false,"template":"","format":"standard","meta":{"_mi_skip_tracking":false,"footnotes":""},"categories":[276,273],"tags":[],"class_list":["post-4220","post","type-post","status-publish","format-standard","has-post-thumbnail","hentry","category-meio-ambiente","category-prefeitura"],"_links":{"self":[{"href":"https:\/\/www.silvajardim.rj.gov.br\/index.php\/wp-json\/wp\/v2\/posts\/4220","targetHints":{"allow":["GET"]}}],"collection":[{"href":"https:\/\/www.silvajardim.rj.gov.br\/index.php\/wp-json\/wp\/v2\/posts"}],"about":[{"href":"https:\/\/www.silvajardim.rj.gov.br\/index.php\/wp-json\/wp\/v2\/types\/post"}],"author":[{"embeddable":true,"href":"https:\/\/www.silvajardim.rj.gov.br\/index.php\/wp-json\/wp\/v2\/users\/1"}],"replies":[{"embeddable":true,"href":"https:\/\/www.silvajardim.rj.gov.br\/index.php\/wp-json\/wp\/v2\/comments?post=4220"}],"version-history":[{"count":0,"href":"https:\/\/www.silvajardim.rj.gov.br\/index.php\/wp-json\/wp\/v2\/posts\/4220\/revisions"}],"wp:featuredmedia":[{"embeddable":true,"href":"https:\/\/www.silvajardim.rj.gov.br\/index.php\/wp-json\/"}],"wp:attachment":[{"href":"https:\/\/www.silvajardim.rj.gov.br\/index.php\/wp-json\/wp\/v2\/media?parent=4220"}],"wp:term":[{"taxonomy":"category","embeddable":true,"href":"https:\/\/www.silvajardim.rj.gov.br\/index.php\/wp-json\/wp\/v2\/categories?post=4220"},{"taxonomy":"post_tag","embeddable":true,"href":"https:\/\/www.silvajardim.rj.gov.br\/index.php\/wp-json\/wp\/v2\/tags?post=4220"}],"curies":[{"name":"wp","href":"https:\/\/api.w.org\/{rel}","templated":true}]}}