{"id":4228,"date":"2020-05-28T09:23:04","date_gmt":"2020-05-28T12:23:04","guid":{"rendered":"https:\/\/www.silvajardim.rj.gov.br\/?p=4228"},"modified":"2020-05-28T09:23:04","modified_gmt":"2020-05-28T12:23:04","slug":"hoje-tem-live-de-zumba-a-partir-das-18h-especial-dia-do-desafio","status":"publish","type":"post","link":"https:\/\/www.silvajardim.rj.gov.br\/index.php\/2020\/05\/28\/hoje-tem-live-de-zumba-a-partir-das-18h-especial-dia-do-desafio\/","title":{"rendered":"HOJE TEM LIVE DE ZUMBA A PARTIR DAS 18H (ESPECIAL DIA DO DESAFIO)"},"content":{"rendered":"\n<figure class=\"wp-block-image size-large\"><img decoding=\"async\" src=\"https:\/\/www.silvajardim.rj.gov.br\/wp-content\/uploads\/2020\/05\/Zumba-Online-931x1024.png\" alt=\"\" class=\"wp-image-4229\"\/><\/figure>\n\n\n\n<p>A Prefeitura de Silva Jardim, atrav\u00e9s da Secretaria Municipal de Turismo, Cultura, Esporte e Lazer, pensando no bem-estar e na sa\u00fade da popula\u00e7\u00e3o, vai promover nesta quinta-feira (28), a partir das 18h, uma Live de Zumba com os professores Ryan Moraes e Kassya Soares. A Live \u00e9 especial ao Dia do Desafio, que \u00e9 realizado na \u00faltima semana do m\u00eas de maio, al\u00e9m de ser mais uma motiva\u00e7\u00e3o para as pessoas realizarem suas atividades em casa, manter seu corpo exercitado e evitar a propaga\u00e7\u00e3o do Novo Coronav\u00edrus (COVID-19). Participe conosco!<\/p>\n","protected":false},"excerpt":{"rendered":"<p>A Prefeitura de Silva Jardim, atrav\u00e9s da Secretaria Municipal de Turismo, Cultura, Esporte e Lazer, pensando no bem-estar e na<\/p>\n","protected":false},"author":1,"featured_media":4229,"comment_status":"closed","ping_status":"closed","sticky":false,"template":"","format":"standard","meta":{"_mi_skip_tracking":false,"footnotes":""},"categories":[283,278],"tags":[],"class_list":["post-4228","post","type-post","status-publish","format-standard","has-post-thumbnail","hentry","category-esporte-e-lazer","category-turismo"],"_links":{"self":[{"href":"https:\/\/www.silvajardim.rj.gov.br\/index.php\/wp-json\/wp\/v2\/posts\/4228","targetHints":{"allow":["GET"]}}],"collection":[{"href":"https:\/\/www.silvajardim.rj.gov.br\/index.php\/wp-json\/wp\/v2\/posts"}],"about":[{"href":"https:\/\/www.silvajardim.rj.gov.br\/index.php\/wp-json\/wp\/v2\/types\/post"}],"author":[{"embeddable":true,"href":"https:\/\/www.silvajardim.rj.gov.br\/index.php\/wp-json\/wp\/v2\/users\/1"}],"replies":[{"embeddable":true,"href":"https:\/\/www.silvajardim.rj.gov.br\/index.php\/wp-json\/wp\/v2\/comments?post=4228"}],"version-history":[{"count":0,"href":"https:\/\/www.silvajardim.rj.gov.br\/index.php\/wp-json\/wp\/v2\/posts\/4228\/revisions"}],"wp:featuredmedia":[{"embeddable":true,"href":"https:\/\/www.silvajardim.rj.gov.br\/index.php\/wp-json\/"}],"wp:attachment":[{"href":"https:\/\/www.silvajardim.rj.gov.br\/index.php\/wp-json\/wp\/v2\/media?parent=4228"}],"wp:term":[{"taxonomy":"category","embeddable":true,"href":"https:\/\/www.silvajardim.rj.gov.br\/index.php\/wp-json\/wp\/v2\/categories?post=4228"},{"taxonomy":"post_tag","embeddable":true,"href":"https:\/\/www.silvajardim.rj.gov.br\/index.php\/wp-json\/wp\/v2\/tags?post=4228"}],"curies":[{"name":"wp","href":"https:\/\/api.w.org\/{rel}","templated":true}]}}