{"id":4324,"date":"2020-06-04T13:01:14","date_gmt":"2020-06-04T16:01:14","guid":{"rendered":"https:\/\/www.silvajardim.rj.gov.br\/?p=4324"},"modified":"2020-06-04T13:01:14","modified_gmt":"2020-06-04T16:01:14","slug":"live-da-educacao-com-esclarecimentos-e-duvidas-nesta-sexta-feira","status":"publish","type":"post","link":"https:\/\/www.silvajardim.rj.gov.br\/index.php\/2020\/06\/04\/live-da-educacao-com-esclarecimentos-e-duvidas-nesta-sexta-feira\/","title":{"rendered":"\u201cLIVE DA EDUCA\u00c7\u00c3O\u201d COM ESCLARECIMENTOS E D\u00daVIDAS NESTA SEXTA-FEIRA"},"content":{"rendered":"\n<figure class=\"wp-block-image size-large\"><img decoding=\"async\" src=\"https:\/\/www.silvajardim.rj.gov.br\/wp-content\/uploads\/2020\/06\/LIVE-DA-EDUCACAO-1024x1024.png\" alt=\"\" class=\"wp-image-4334\"\/><\/figure>\n\n\n\n<p>A Prefeitura de Silva Jardim, atrav\u00e9s da Secretaria Municipal de Educa\u00e7\u00e3o, Ci\u00eancia e Tecnologia, promove nesta sexta-feira (5), a partir das 10h, uma Live da Educa\u00e7\u00e3o com esclarecimentos e d\u00favidas relacionadas \u00e0 Plataforma Digital de Atividades Complementares. A transmiss\u00e3o contar\u00e1 com as presen\u00e7as do Prefeito de Silva Jardim, Jaime Figueiredo, da Secret\u00e1ria Municipal de Educa\u00e7\u00e3o, Ci\u00eancia e Tecnologia, Regina Xavier, da Presidente do Conselho Municipal de Educa\u00e7\u00e3o, Isabel Brum, e do representante do Conselho Tutelar, Leandro Amorim. Teremos ainda, a participa\u00e7\u00e3o da convidada, K\u00e1tia Peixoto. Participe conosco!<\/p>\n","protected":false},"excerpt":{"rendered":"<p>A Prefeitura de Silva Jardim, atrav\u00e9s da Secretaria Municipal de Educa\u00e7\u00e3o, Ci\u00eancia e Tecnologia, promove nesta sexta-feira (5), a partir<\/p>\n","protected":false},"author":1,"featured_media":4334,"comment_status":"closed","ping_status":"closed","sticky":false,"template":"","format":"standard","meta":{"_mi_skip_tracking":false,"footnotes":""},"categories":[286,273],"tags":[],"class_list":["post-4324","post","type-post","status-publish","format-standard","has-post-thumbnail","hentry","category-educacao","category-prefeitura"],"_links":{"self":[{"href":"https:\/\/www.silvajardim.rj.gov.br\/index.php\/wp-json\/wp\/v2\/posts\/4324","targetHints":{"allow":["GET"]}}],"collection":[{"href":"https:\/\/www.silvajardim.rj.gov.br\/index.php\/wp-json\/wp\/v2\/posts"}],"about":[{"href":"https:\/\/www.silvajardim.rj.gov.br\/index.php\/wp-json\/wp\/v2\/types\/post"}],"author":[{"embeddable":true,"href":"https:\/\/www.silvajardim.rj.gov.br\/index.php\/wp-json\/wp\/v2\/users\/1"}],"replies":[{"embeddable":true,"href":"https:\/\/www.silvajardim.rj.gov.br\/index.php\/wp-json\/wp\/v2\/comments?post=4324"}],"version-history":[{"count":0,"href":"https:\/\/www.silvajardim.rj.gov.br\/index.php\/wp-json\/wp\/v2\/posts\/4324\/revisions"}],"wp:featuredmedia":[{"embeddable":true,"href":"https:\/\/www.silvajardim.rj.gov.br\/index.php\/wp-json\/"}],"wp:attachment":[{"href":"https:\/\/www.silvajardim.rj.gov.br\/index.php\/wp-json\/wp\/v2\/media?parent=4324"}],"wp:term":[{"taxonomy":"category","embeddable":true,"href":"https:\/\/www.silvajardim.rj.gov.br\/index.php\/wp-json\/wp\/v2\/categories?post=4324"},{"taxonomy":"post_tag","embeddable":true,"href":"https:\/\/www.silvajardim.rj.gov.br\/index.php\/wp-json\/wp\/v2\/tags?post=4324"}],"curies":[{"name":"wp","href":"https:\/\/api.w.org\/{rel}","templated":true}]}}