{"id":485,"date":"2019-02-11T11:30:48","date_gmt":"2019-02-11T13:30:48","guid":{"rendered":"http:\/\/ww2.silvajardim.rj.gov.br\/site\/?p=485"},"modified":"2019-02-11T11:30:48","modified_gmt":"2019-02-11T13:30:48","slug":"silva-jardim-tem-contas-publicas-de-2017-aprovadas-pelo-tribunal-de-contas-do-estado","status":"publish","type":"post","link":"https:\/\/www.silvajardim.rj.gov.br\/index.php\/2019\/02\/11\/silva-jardim-tem-contas-publicas-de-2017-aprovadas-pelo-tribunal-de-contas-do-estado\/","title":{"rendered":"Silva Jardim tem Contas P\u00fablicas de 2017 aprovadas pelo Tribunal de Contas do Estado"},"content":{"rendered":"\n<figure class=\"wp-block-image\"><img decoding=\"async\" src=\"http:\/\/www.silvajardim.rj.gov.br\/site\/images\/2019\/2019.02.11\/2019.02.11.01.1.jpg\" alt=\"\"\/><\/figure>\n\n\n\n<p>As contas p\u00fablicas do ano de 2017 do munic\u00edpio de Silva Jardim foram aprovadas pelo Tribunal de Contas do Estado do Rio de Janeiro (TCE-RJ). As contas seguir\u00e3o agora para a C\u00e2mara Municipal para realiza\u00e7\u00e3o da vota\u00e7\u00e3o pelos vereadores. A reuni\u00e3o da corte de contas do Estado aconteceu na quarta-feira (30) onde destacou o investimento de 27,62% das receitas de impostos e transfer\u00eancias em Educa\u00e7\u00e3o (acima do m\u00ednimo legal que \u00e9 de 25%), investimento de 27,36% na sa\u00fade (acima do m\u00ednimo legal de 15%) e gastos com pessoal em 50,91% abaixo do limite legal que \u00e9 de 54%.<\/p>\n\n\n\n<p>O parecer pr\u00e9vio favor\u00e1vel \u00e0 aprova\u00e7\u00e3o das contas de 2017, teve como relator o conselheiro do TCE \u2013 RJ, Rodrigo Melo do Nascimento, que destacou algumas observa\u00e7\u00f5es, dentre elas, que a falta de comprova\u00e7\u00e3o de repasses ao RPPS n\u00e3o permite concluir que o sistema previdenci\u00e1rio esteja irregular, realizou uma solicita\u00e7\u00e3o para que o TCE-RJ expedisse um of\u00edcio para a C\u00e2mara de Vereadores de Silva Jardim visando o ressarcimento da administra\u00e7\u00e3o municipal pelos repasses acima do limite legal e solicitou que a Prefeitura implementasse medidas visando o equil\u00edbrio financeiro at\u00e9 o fim de 2020.<\/p>\n","protected":false},"excerpt":{"rendered":"<p>As contas p\u00fablicas do ano de 2017 do munic\u00edpio de Silva Jardim foram aprovadas pelo Tribunal de Contas do Estado<\/p>\n","protected":false},"author":1,"featured_media":486,"comment_status":"closed","ping_status":"closed","sticky":false,"template":"","format":"standard","meta":{"_mi_skip_tracking":false,"footnotes":""},"categories":[279,273],"tags":[],"class_list":["post-485","post","type-post","status-publish","format-standard","has-post-thumbnail","hentry","category-administracao","category-prefeitura"],"_links":{"self":[{"href":"https:\/\/www.silvajardim.rj.gov.br\/index.php\/wp-json\/wp\/v2\/posts\/485","targetHints":{"allow":["GET"]}}],"collection":[{"href":"https:\/\/www.silvajardim.rj.gov.br\/index.php\/wp-json\/wp\/v2\/posts"}],"about":[{"href":"https:\/\/www.silvajardim.rj.gov.br\/index.php\/wp-json\/wp\/v2\/types\/post"}],"author":[{"embeddable":true,"href":"https:\/\/www.silvajardim.rj.gov.br\/index.php\/wp-json\/wp\/v2\/users\/1"}],"replies":[{"embeddable":true,"href":"https:\/\/www.silvajardim.rj.gov.br\/index.php\/wp-json\/wp\/v2\/comments?post=485"}],"version-history":[{"count":0,"href":"https:\/\/www.silvajardim.rj.gov.br\/index.php\/wp-json\/wp\/v2\/posts\/485\/revisions"}],"wp:featuredmedia":[{"embeddable":true,"href":"https:\/\/www.silvajardim.rj.gov.br\/index.php\/wp-json\/"}],"wp:attachment":[{"href":"https:\/\/www.silvajardim.rj.gov.br\/index.php\/wp-json\/wp\/v2\/media?parent=485"}],"wp:term":[{"taxonomy":"category","embeddable":true,"href":"https:\/\/www.silvajardim.rj.gov.br\/index.php\/wp-json\/wp\/v2\/categories?post=485"},{"taxonomy":"post_tag","embeddable":true,"href":"https:\/\/www.silvajardim.rj.gov.br\/index.php\/wp-json\/wp\/v2\/tags?post=485"}],"curies":[{"name":"wp","href":"https:\/\/api.w.org\/{rel}","templated":true}]}}