{"id":5477,"date":"2020-09-01T16:55:57","date_gmt":"2020-09-01T19:55:57","guid":{"rendered":"https:\/\/www.silvajardim.rj.gov.br\/?p=5477"},"modified":"2020-09-01T16:55:57","modified_gmt":"2020-09-01T19:55:57","slug":"atualizacao-oficial-do-boletim-epidemiologico-novo-coronavirus-covid-19-01-09-2020","status":"publish","type":"post","link":"https:\/\/www.silvajardim.rj.gov.br\/index.php\/2020\/09\/01\/atualizacao-oficial-do-boletim-epidemiologico-novo-coronavirus-covid-19-01-09-2020\/","title":{"rendered":"ATUALIZA\u00c7\u00c3O OFICIAL DO BOLETIM EPIDEMIOL\u00d3GICO &#8211; NOVO CORONAV\u00cdRUS (COVID-19) \u2013 01\/09\/2020"},"content":{"rendered":"\n<figure class=\"wp-block-image size-large\"><img decoding=\"async\" src=\"https:\/\/www.silvajardim.rj.gov.br\/wp-content\/uploads\/2020\/09\/BOLETIM-COVID-GERAL-01092020-1024x1024.png\" alt=\"\" class=\"wp-image-5478\" \/><\/figure>\n\n\n\n<p>A Prefeitura de Silva Jardim, atrav\u00e9s da Secretaria Municipal de Sa\u00fade e Assist\u00eancia Social informa \u00e0 popula\u00e7\u00e3o que, at\u00e9 o momento, temos um total de 2038 casos notificados como poss\u00edvel Novo Coronav\u00edrus (COVID-19), no Munic\u00edpio. 1410 casos suspeitos foram descartados. 05 (cinco) casos est\u00e3o em an\u00e1lise, aguardando o resultado do exame.<\/p>\n\n\n\n<p>623 casos da doen\u00e7a j\u00e1 foram confirmados, sendo que 578 casos j\u00e1 t\u00eam os diagn\u00f3sticos de recuperados. At\u00e9 o momento, 11 (onze) \u00f3bitos foram registrados pelo Covid-19, em Silva Jardim.<\/p>\n\n\n\n<p>Informamos que 29 pacientes encontram-se em isolamento domiciliar, sendo acompanhados pela Vigil\u00e2ncia Epidemiol\u00f3gica. 01 (um) paciente encontra-se internado sob cuidados em nossa unidade, e 04 (quatro) pacientes encontram-se internados fora do Munic\u00edpio conforme regula\u00e7\u00e3o m\u00e9dica.<\/p>\n\n\n\n<p>Total de Casos Notificados (COVID-19): 2038<\/p>\n\n\n\n<p>Resultados negativos ou descartados: 1410<\/p>\n\n\n\n<p>Em an\u00e1lise, aguardando resultado: 05<\/p>\n\n\n\n<p>Casos Confirmados: 623<\/p>\n\n\n\n<p>\u00d3bitos: 11<\/p>\n\n\n\n<p>Casos Curados: 578<\/p>\n\n\n\n<p>Isolamento Domiciliar: 29<\/p>\n\n\n\n<p>Internados: 05 <\/p>\n\n\n\n<p>OBS: Ressaltamos que o Polo de Atendimento a S\u00edndromes Gripais permanece o atendimento e notifica\u00e7\u00f5es destes casos que s\u00e3o de suma import\u00e2ncia para o acompanhamento epidemiol\u00f3gico local. Contabilizando 1890 Casos NOTIFICADOS no momento.<\/p>\n","protected":false},"excerpt":{"rendered":"<p>A Prefeitura de Silva Jardim, atrav\u00e9s da Secretaria Municipal de Sa\u00fade e Assist\u00eancia Social informa \u00e0 popula\u00e7\u00e3o que, at\u00e9 o<\/p>\n","protected":false},"author":1,"featured_media":5478,"comment_status":"closed","ping_status":"closed","sticky":false,"template":"","format":"standard","meta":{"_mi_skip_tracking":false,"footnotes":""},"categories":[274,275],"tags":[],"class_list":["post-5477","post","type-post","status-publish","format-standard","has-post-thumbnail","hentry","category-covid19","category-saude"],"_links":{"self":[{"href":"https:\/\/www.silvajardim.rj.gov.br\/index.php\/wp-json\/wp\/v2\/posts\/5477","targetHints":{"allow":["GET"]}}],"collection":[{"href":"https:\/\/www.silvajardim.rj.gov.br\/index.php\/wp-json\/wp\/v2\/posts"}],"about":[{"href":"https:\/\/www.silvajardim.rj.gov.br\/index.php\/wp-json\/wp\/v2\/types\/post"}],"author":[{"embeddable":true,"href":"https:\/\/www.silvajardim.rj.gov.br\/index.php\/wp-json\/wp\/v2\/users\/1"}],"replies":[{"embeddable":true,"href":"https:\/\/www.silvajardim.rj.gov.br\/index.php\/wp-json\/wp\/v2\/comments?post=5477"}],"version-history":[{"count":0,"href":"https:\/\/www.silvajardim.rj.gov.br\/index.php\/wp-json\/wp\/v2\/posts\/5477\/revisions"}],"wp:featuredmedia":[{"embeddable":true,"href":"https:\/\/www.silvajardim.rj.gov.br\/index.php\/wp-json\/"}],"wp:attachment":[{"href":"https:\/\/www.silvajardim.rj.gov.br\/index.php\/wp-json\/wp\/v2\/media?parent=5477"}],"wp:term":[{"taxonomy":"category","embeddable":true,"href":"https:\/\/www.silvajardim.rj.gov.br\/index.php\/wp-json\/wp\/v2\/categories?post=5477"},{"taxonomy":"post_tag","embeddable":true,"href":"https:\/\/www.silvajardim.rj.gov.br\/index.php\/wp-json\/wp\/v2\/tags?post=5477"}],"curies":[{"name":"wp","href":"https:\/\/api.w.org\/{rel}","templated":true}]}}