{"id":5480,"date":"2020-09-01T17:00:14","date_gmt":"2020-09-01T20:00:14","guid":{"rendered":"https:\/\/www.silvajardim.rj.gov.br\/?p=5480"},"modified":"2020-09-01T17:00:14","modified_gmt":"2020-09-01T20:00:14","slug":"escala-da-coleta-de-exames-laboratoriais-nas-unidades-basicas-de-saude-nesta-semana","status":"publish","type":"post","link":"https:\/\/www.silvajardim.rj.gov.br\/index.php\/2020\/09\/01\/escala-da-coleta-de-exames-laboratoriais-nas-unidades-basicas-de-saude-nesta-semana\/","title":{"rendered":"ESCALA DA COLETA DE EXAMES LABORATORIAIS NAS UNIDADES B\u00c1SICAS DE SA\u00daDE NESTA SEMANA"},"content":{"rendered":"\n<figure class=\"wp-block-image size-large\"><img decoding=\"async\" src=\"https:\/\/www.silvajardim.rj.gov.br\/wp-content\/uploads\/2020\/09\/WhatsApp-Image-2020-09-01-at-16.52.58-1024x1024.jpeg\" alt=\"\" class=\"wp-image-5481\" \/><\/figure>\n\n\n\n<p>A Prefeitura de Silva Jardim, atrav\u00e9s da Secretaria Municipal de Sa\u00fade e Assist\u00eancia Social, informa a popula\u00e7\u00e3o a escala da coleta de exames laboratoriais nas Unidades B\u00e1sicas de Sa\u00fade, nesta semana. Confira:<\/p>\n\n\n\n<p>02 de setembro (quarta-feira) \u2013 Imba\u00fa<\/p>\n\n\n\n<p>03 de setembro (quinta-feira) \u2013 Mato Alto <\/p>\n\n\n\n<p>04 de setembro (sexta-feira) \u2013 Aldeia Velha<\/p>\n","protected":false},"excerpt":{"rendered":"<p>A Prefeitura de Silva Jardim, atrav\u00e9s da Secretaria Municipal de Sa\u00fade e Assist\u00eancia Social, informa a popula\u00e7\u00e3o a escala da<\/p>\n","protected":false},"author":1,"featured_media":5481,"comment_status":"closed","ping_status":"closed","sticky":false,"template":"","format":"standard","meta":{"_mi_skip_tracking":false,"footnotes":""},"categories":[275],"tags":[],"class_list":["post-5480","post","type-post","status-publish","format-standard","has-post-thumbnail","hentry","category-saude"],"_links":{"self":[{"href":"https:\/\/www.silvajardim.rj.gov.br\/index.php\/wp-json\/wp\/v2\/posts\/5480","targetHints":{"allow":["GET"]}}],"collection":[{"href":"https:\/\/www.silvajardim.rj.gov.br\/index.php\/wp-json\/wp\/v2\/posts"}],"about":[{"href":"https:\/\/www.silvajardim.rj.gov.br\/index.php\/wp-json\/wp\/v2\/types\/post"}],"author":[{"embeddable":true,"href":"https:\/\/www.silvajardim.rj.gov.br\/index.php\/wp-json\/wp\/v2\/users\/1"}],"replies":[{"embeddable":true,"href":"https:\/\/www.silvajardim.rj.gov.br\/index.php\/wp-json\/wp\/v2\/comments?post=5480"}],"version-history":[{"count":0,"href":"https:\/\/www.silvajardim.rj.gov.br\/index.php\/wp-json\/wp\/v2\/posts\/5480\/revisions"}],"wp:featuredmedia":[{"embeddable":true,"href":"https:\/\/www.silvajardim.rj.gov.br\/index.php\/wp-json\/"}],"wp:attachment":[{"href":"https:\/\/www.silvajardim.rj.gov.br\/index.php\/wp-json\/wp\/v2\/media?parent=5480"}],"wp:term":[{"taxonomy":"category","embeddable":true,"href":"https:\/\/www.silvajardim.rj.gov.br\/index.php\/wp-json\/wp\/v2\/categories?post=5480"},{"taxonomy":"post_tag","embeddable":true,"href":"https:\/\/www.silvajardim.rj.gov.br\/index.php\/wp-json\/wp\/v2\/tags?post=5480"}],"curies":[{"name":"wp","href":"https:\/\/api.w.org\/{rel}","templated":true}]}}