{"id":5506,"date":"2020-09-09T11:41:16","date_gmt":"2020-09-09T14:41:16","guid":{"rendered":"https:\/\/www.silvajardim.rj.gov.br\/?p=5506"},"modified":"2020-09-09T11:41:16","modified_gmt":"2020-09-09T14:41:16","slug":"escala-da-coleta-de-exames-laboratoriais-nas-unidades-basicas-de-saude-nesta-semana-2","status":"publish","type":"post","link":"https:\/\/www.silvajardim.rj.gov.br\/index.php\/2020\/09\/09\/escala-da-coleta-de-exames-laboratoriais-nas-unidades-basicas-de-saude-nesta-semana-2\/","title":{"rendered":"ESCALA DA COLETA DE EXAMES LABORATORIAIS NAS UNIDADES B\u00c1SICAS DE SA\u00daDE NESTA SEMANA"},"content":{"rendered":"\n<figure class=\"wp-block-image size-large\"><img decoding=\"async\" src=\"https:\/\/www.silvajardim.rj.gov.br\/wp-content\/uploads\/2020\/09\/COLETA-DE-EXAMES-SEMANAL-1024x1024.png\" alt=\"\" class=\"wp-image-5507\" \/><\/figure>\n\n\n\n<p>A Prefeitura de Silva Jardim, atrav\u00e9s da Secretaria Municipal de Sa\u00fade e Assist\u00eancia Social, informa a popula\u00e7\u00e3o a escala da coleta de exames laboratoriais nas Unidades B\u00e1sicas de Sa\u00fade, nesta semana. Confira:<\/p>\n\n\n\n<p>09 de setembro (quarta-feira) \u2013 Coqueiro<\/p>\n\n\n\n<p>10 de setembro (quinta-feira) \u2013 Gavi\u00f5es <\/p>\n\n\n\n<p>11 de setembro (sexta-feira) \u2013 Bananeiras<\/p>\n","protected":false},"excerpt":{"rendered":"<p>A Prefeitura de Silva Jardim, atrav\u00e9s da Secretaria Municipal de Sa\u00fade e Assist\u00eancia Social, informa a popula\u00e7\u00e3o a escala da<\/p>\n","protected":false},"author":1,"featured_media":5507,"comment_status":"closed","ping_status":"closed","sticky":false,"template":"","format":"standard","meta":{"_mi_skip_tracking":false,"footnotes":""},"categories":[275],"tags":[],"class_list":["post-5506","post","type-post","status-publish","format-standard","has-post-thumbnail","hentry","category-saude"],"_links":{"self":[{"href":"https:\/\/www.silvajardim.rj.gov.br\/index.php\/wp-json\/wp\/v2\/posts\/5506","targetHints":{"allow":["GET"]}}],"collection":[{"href":"https:\/\/www.silvajardim.rj.gov.br\/index.php\/wp-json\/wp\/v2\/posts"}],"about":[{"href":"https:\/\/www.silvajardim.rj.gov.br\/index.php\/wp-json\/wp\/v2\/types\/post"}],"author":[{"embeddable":true,"href":"https:\/\/www.silvajardim.rj.gov.br\/index.php\/wp-json\/wp\/v2\/users\/1"}],"replies":[{"embeddable":true,"href":"https:\/\/www.silvajardim.rj.gov.br\/index.php\/wp-json\/wp\/v2\/comments?post=5506"}],"version-history":[{"count":0,"href":"https:\/\/www.silvajardim.rj.gov.br\/index.php\/wp-json\/wp\/v2\/posts\/5506\/revisions"}],"wp:featuredmedia":[{"embeddable":true,"href":"https:\/\/www.silvajardim.rj.gov.br\/index.php\/wp-json\/wp\/v2\/media\/5507"}],"wp:attachment":[{"href":"https:\/\/www.silvajardim.rj.gov.br\/index.php\/wp-json\/wp\/v2\/media?parent=5506"}],"wp:term":[{"taxonomy":"category","embeddable":true,"href":"https:\/\/www.silvajardim.rj.gov.br\/index.php\/wp-json\/wp\/v2\/categories?post=5506"},{"taxonomy":"post_tag","embeddable":true,"href":"https:\/\/www.silvajardim.rj.gov.br\/index.php\/wp-json\/wp\/v2\/tags?post=5506"}],"curies":[{"name":"wp","href":"https:\/\/api.w.org\/{rel}","templated":true}]}}