{"id":5748,"date":"2020-10-27T15:51:41","date_gmt":"2020-10-27T18:51:41","guid":{"rendered":"https:\/\/www.silvajardim.rj.gov.br\/?p=5748"},"modified":"2020-10-27T15:51:41","modified_gmt":"2020-10-27T18:51:41","slug":"comunicado-importante-ubs-centro","status":"publish","type":"post","link":"https:\/\/www.silvajardim.rj.gov.br\/index.php\/2020\/10\/27\/comunicado-importante-ubs-centro\/","title":{"rendered":"COMUNICADO IMPORTANTE \u2013 UBS CENTRO"},"content":{"rendered":"\n<figure class=\"wp-block-image size-large\"><img decoding=\"async\" src=\"https:\/\/www.silvajardim.rj.gov.br\/wp-content\/uploads\/2020\/10\/WhatsApp-Image-2020-10-27-at-15.33.51-1024x1024.jpeg\" alt=\"\" class=\"wp-image-5749\" \/><\/figure>\n\n\n\n<p>A Prefeitura de Silva Jardim, atrav\u00e9s da Secretaria Municipal de Sa\u00fade e Assist\u00eancia Social, informa \u00e0 popula\u00e7\u00e3o que a Unidade B\u00e1sica de Sa\u00fade Marinete Ferreira de Lacerda, localizada na Rua Casimiro de Abreu, no Centro, entrar\u00e1 em reforma. Com isso, a partir do dia 3 de novembro, todos os atendimentos ser\u00e3o realizados no Pr\u00e9dio da Vigil\u00e2ncia em Sa\u00fade, situado na Rua Vieira Canavezes, 334, no bairro Santo Expedito, em frente \u00e0 Escola Casinha Feliz. J\u00e1 o Ambulat\u00f3rio de Especialidades estar\u00e1 atendendo no CAPS.<\/p>\n\n\n\n<p>Os atendimentos odontol\u00f3gicos j\u00e1 marcados estar\u00e3o sendo direcionados para as seguintes unidades:<\/p>\n\n\n\n<p>03\/11 \u2013 UBS Boqueir\u00e3o<\/p>\n\n\n\n<p>05\/11 \u2013 UBS Cidade Nova<\/p>\n\n\n\n<p>06\/11 \u2013 Biquinha<\/p>\n\n\n\n<p>*Os atendimentos de pr\u00f3tese ser\u00e3o realizados na ESF da Fazenda Brasil. <\/p>\n\n\n\n<p>*A partir do dia 09 de novembro, todos os atendimentos de dentista ser\u00e3o realizados na UBS Biquinha.<\/p>\n","protected":false},"excerpt":{"rendered":"<p>A Prefeitura de Silva Jardim, atrav\u00e9s da Secretaria Municipal de Sa\u00fade e Assist\u00eancia Social, informa \u00e0 popula\u00e7\u00e3o que a Unidade<\/p>\n","protected":false},"author":1,"featured_media":5749,"comment_status":"closed","ping_status":"closed","sticky":false,"template":"","format":"standard","meta":{"_mi_skip_tracking":false,"footnotes":""},"categories":[275],"tags":[],"class_list":["post-5748","post","type-post","status-publish","format-standard","has-post-thumbnail","hentry","category-saude"],"_links":{"self":[{"href":"https:\/\/www.silvajardim.rj.gov.br\/index.php\/wp-json\/wp\/v2\/posts\/5748","targetHints":{"allow":["GET"]}}],"collection":[{"href":"https:\/\/www.silvajardim.rj.gov.br\/index.php\/wp-json\/wp\/v2\/posts"}],"about":[{"href":"https:\/\/www.silvajardim.rj.gov.br\/index.php\/wp-json\/wp\/v2\/types\/post"}],"author":[{"embeddable":true,"href":"https:\/\/www.silvajardim.rj.gov.br\/index.php\/wp-json\/wp\/v2\/users\/1"}],"replies":[{"embeddable":true,"href":"https:\/\/www.silvajardim.rj.gov.br\/index.php\/wp-json\/wp\/v2\/comments?post=5748"}],"version-history":[{"count":0,"href":"https:\/\/www.silvajardim.rj.gov.br\/index.php\/wp-json\/wp\/v2\/posts\/5748\/revisions"}],"wp:featuredmedia":[{"embeddable":true,"href":"https:\/\/www.silvajardim.rj.gov.br\/index.php\/wp-json\/"}],"wp:attachment":[{"href":"https:\/\/www.silvajardim.rj.gov.br\/index.php\/wp-json\/wp\/v2\/media?parent=5748"}],"wp:term":[{"taxonomy":"category","embeddable":true,"href":"https:\/\/www.silvajardim.rj.gov.br\/index.php\/wp-json\/wp\/v2\/categories?post=5748"},{"taxonomy":"post_tag","embeddable":true,"href":"https:\/\/www.silvajardim.rj.gov.br\/index.php\/wp-json\/wp\/v2\/tags?post=5748"}],"curies":[{"name":"wp","href":"https:\/\/api.w.org\/{rel}","templated":true}]}}