{"id":5872,"date":"2020-11-23T09:15:36","date_gmt":"2020-11-23T12:15:36","guid":{"rendered":"https:\/\/www.silvajardim.rj.gov.br\/?p=5872"},"modified":"2020-11-23T09:15:36","modified_gmt":"2020-11-23T12:15:36","slug":"prefeitura-inicia-trabalhos-de-reforma-na-escola-do-caxito","status":"publish","type":"post","link":"https:\/\/www.silvajardim.rj.gov.br\/index.php\/2020\/11\/23\/prefeitura-inicia-trabalhos-de-reforma-na-escola-do-caxito\/","title":{"rendered":"PREFEITURA INICIA TRABALHOS DE REFORMA NA ESCOLA DO CAXITO"},"content":{"rendered":"\n<p>A Prefeitura de Silva Jardim iniciou os trabalhos de reforma na Escola Municipal Agenor Pires da Cunha, no Caxito. A obra \u00e9 de suma import\u00e2ncia para os alunos da localidade, tendo como objetivo melhorar as instala\u00e7\u00f5es e trazer mais conforto para as nossas crian\u00e7as.<\/p>\n\n\n\n<figure class=\"wp-block-image size-large\"><img decoding=\"async\" src=\"https:\/\/www.silvajardim.rj.gov.br\/wp-content\/uploads\/2020\/11\/IMG_1391-1024x683.jpg\" alt=\"\" class=\"wp-image-5873\" \/><\/figure>\n\n\n\n<figure class=\"wp-block-image size-large\"><img decoding=\"async\" src=\"https:\/\/www.silvajardim.rj.gov.br\/wp-content\/uploads\/2020\/11\/IMG_1396-1024x683.jpg\" alt=\"\" class=\"wp-image-5874\" \/><\/figure>\n\n\n\n<figure class=\"wp-block-image size-large\"><img decoding=\"async\" src=\"https:\/\/www.silvajardim.rj.gov.br\/wp-content\/uploads\/2020\/11\/IMG_1402-1024x683.jpg\" alt=\"\" class=\"wp-image-5875\" \/><\/figure>\n\n\n\n<figure class=\"wp-block-image size-large\"><img decoding=\"async\" src=\"https:\/\/www.silvajardim.rj.gov.br\/wp-content\/uploads\/2020\/11\/IMG_1404-1024x683.jpg\" alt=\"\" class=\"wp-image-5876\" \/><\/figure>\n\n\n\n<figure class=\"wp-block-image size-large\"><img decoding=\"async\" src=\"https:\/\/www.silvajardim.rj.gov.br\/wp-content\/uploads\/2020\/11\/IMG_1407-1024x683.jpg\" alt=\"\" class=\"wp-image-5877\" \/><\/figure>\n\n\n\n<figure class=\"wp-block-image size-large\"><img decoding=\"async\" src=\"https:\/\/www.silvajardim.rj.gov.br\/wp-content\/uploads\/2020\/11\/IMG_1410-1024x683.jpg\" alt=\"\" class=\"wp-image-5878\" \/><\/figure>\n","protected":false},"excerpt":{"rendered":"<p>A Prefeitura de Silva Jardim iniciou os trabalhos de reforma na Escola Municipal Agenor Pires da Cunha, no Caxito. A<\/p>\n","protected":false},"author":1,"featured_media":5873,"comment_status":"closed","ping_status":"closed","sticky":false,"template":"","format":"standard","meta":{"_mi_skip_tracking":false,"footnotes":""},"categories":[286,277],"tags":[],"class_list":["post-5872","post","type-post","status-publish","format-standard","has-post-thumbnail","hentry","category-educacao","category-obras-e-servicos-publicos"],"_links":{"self":[{"href":"https:\/\/www.silvajardim.rj.gov.br\/index.php\/wp-json\/wp\/v2\/posts\/5872","targetHints":{"allow":["GET"]}}],"collection":[{"href":"https:\/\/www.silvajardim.rj.gov.br\/index.php\/wp-json\/wp\/v2\/posts"}],"about":[{"href":"https:\/\/www.silvajardim.rj.gov.br\/index.php\/wp-json\/wp\/v2\/types\/post"}],"author":[{"embeddable":true,"href":"https:\/\/www.silvajardim.rj.gov.br\/index.php\/wp-json\/wp\/v2\/users\/1"}],"replies":[{"embeddable":true,"href":"https:\/\/www.silvajardim.rj.gov.br\/index.php\/wp-json\/wp\/v2\/comments?post=5872"}],"version-history":[{"count":0,"href":"https:\/\/www.silvajardim.rj.gov.br\/index.php\/wp-json\/wp\/v2\/posts\/5872\/revisions"}],"wp:featuredmedia":[{"embeddable":true,"href":"https:\/\/www.silvajardim.rj.gov.br\/index.php\/wp-json\/"}],"wp:attachment":[{"href":"https:\/\/www.silvajardim.rj.gov.br\/index.php\/wp-json\/wp\/v2\/media?parent=5872"}],"wp:term":[{"taxonomy":"category","embeddable":true,"href":"https:\/\/www.silvajardim.rj.gov.br\/index.php\/wp-json\/wp\/v2\/categories?post=5872"},{"taxonomy":"post_tag","embeddable":true,"href":"https:\/\/www.silvajardim.rj.gov.br\/index.php\/wp-json\/wp\/v2\/tags?post=5872"}],"curies":[{"name":"wp","href":"https:\/\/api.w.org\/{rel}","templated":true}]}}