{"id":6014,"date":"2020-12-01T15:20:56","date_gmt":"2020-12-01T18:20:56","guid":{"rendered":"https:\/\/www.silvajardim.rj.gov.br\/?p=6014"},"modified":"2020-12-01T15:20:56","modified_gmt":"2020-12-01T18:20:56","slug":"servico-de-manutencao-em-estrada-de-belvedere","status":"publish","type":"post","link":"https:\/\/www.silvajardim.rj.gov.br\/index.php\/2020\/12\/01\/servico-de-manutencao-em-estrada-de-belvedere\/","title":{"rendered":"SERVI\u00c7O DE MANUTEN\u00c7\u00c3O EM ESTRADA DE BELVEDERE"},"content":{"rendered":"\n<p>A Prefeitura de Silva Jardim, atrav\u00e9s da Secretaria Municipal de Servi\u00e7os P\u00fablicos e Manuten\u00e7\u00e3o iniciou nos \u00faltimos dias, um servi\u00e7o de manuten\u00e7\u00e3o na estrada que fica atr\u00e1s da antiga granja, em Belvedere. A a\u00e7\u00e3o tem como objetivo melhorar as condi\u00e7\u00f5es da estrada para o tr\u00e1fego de ve\u00edculos na localidade. O trabalho est\u00e1 sendo realizado com o aux\u00edlio de uma m\u00e1quina motoniveladora (patrol).<\/p>\n\n\n\n<figure class=\"wp-block-image size-large\"><img decoding=\"async\" src=\"https:\/\/www.silvajardim.rj.gov.br\/wp-content\/uploads\/2020\/12\/WhatsApp-Image-2020-12-01-at-09.09.11-2-768x1024.jpeg\" alt=\"\" class=\"wp-image-6019\" \/><\/figure>\n\n\n\n<figure class=\"wp-block-image size-large\"><img decoding=\"async\" src=\"https:\/\/www.silvajardim.rj.gov.br\/wp-content\/uploads\/2020\/12\/WhatsApp-Image-2020-12-01-at-09.09.10-768x1024.jpeg\" alt=\"\" class=\"wp-image-6015\" \/><\/figure>\n\n\n\n<figure class=\"wp-block-image size-large\"><img decoding=\"async\" src=\"https:\/\/www.silvajardim.rj.gov.br\/wp-content\/uploads\/2020\/12\/WhatsApp-Image-2020-12-01-at-09.09.11-1-768x1024.jpeg\" alt=\"\" class=\"wp-image-6016\" \/><\/figure>\n\n\n\n<figure class=\"wp-block-image size-large\"><img decoding=\"async\" src=\"https:\/\/www.silvajardim.rj.gov.br\/wp-content\/uploads\/2020\/12\/WhatsApp-Image-2020-12-01-at-09.09.12-1024x768.jpeg\" alt=\"\" class=\"wp-image-6018\" \/><\/figure>\n","protected":false},"excerpt":{"rendered":"<p>A Prefeitura de Silva Jardim, atrav\u00e9s da Secretaria Municipal de Servi\u00e7os P\u00fablicos e Manuten\u00e7\u00e3o iniciou nos \u00faltimos dias, um servi\u00e7o<\/p>\n","protected":false},"author":1,"featured_media":6019,"comment_status":"closed","ping_status":"closed","sticky":false,"template":"","format":"standard","meta":{"_mi_skip_tracking":false,"footnotes":""},"categories":[277],"tags":[],"class_list":["post-6014","post","type-post","status-publish","format-standard","has-post-thumbnail","hentry","category-obras-e-servicos-publicos"],"_links":{"self":[{"href":"https:\/\/www.silvajardim.rj.gov.br\/index.php\/wp-json\/wp\/v2\/posts\/6014","targetHints":{"allow":["GET"]}}],"collection":[{"href":"https:\/\/www.silvajardim.rj.gov.br\/index.php\/wp-json\/wp\/v2\/posts"}],"about":[{"href":"https:\/\/www.silvajardim.rj.gov.br\/index.php\/wp-json\/wp\/v2\/types\/post"}],"author":[{"embeddable":true,"href":"https:\/\/www.silvajardim.rj.gov.br\/index.php\/wp-json\/wp\/v2\/users\/1"}],"replies":[{"embeddable":true,"href":"https:\/\/www.silvajardim.rj.gov.br\/index.php\/wp-json\/wp\/v2\/comments?post=6014"}],"version-history":[{"count":0,"href":"https:\/\/www.silvajardim.rj.gov.br\/index.php\/wp-json\/wp\/v2\/posts\/6014\/revisions"}],"wp:featuredmedia":[{"embeddable":true,"href":"https:\/\/www.silvajardim.rj.gov.br\/index.php\/wp-json\/"}],"wp:attachment":[{"href":"https:\/\/www.silvajardim.rj.gov.br\/index.php\/wp-json\/wp\/v2\/media?parent=6014"}],"wp:term":[{"taxonomy":"category","embeddable":true,"href":"https:\/\/www.silvajardim.rj.gov.br\/index.php\/wp-json\/wp\/v2\/categories?post=6014"},{"taxonomy":"post_tag","embeddable":true,"href":"https:\/\/www.silvajardim.rj.gov.br\/index.php\/wp-json\/wp\/v2\/tags?post=6014"}],"curies":[{"name":"wp","href":"https:\/\/api.w.org\/{rel}","templated":true}]}}