{"id":6042,"date":"2020-12-03T16:37:12","date_gmt":"2020-12-03T19:37:12","guid":{"rendered":"https:\/\/www.silvajardim.rj.gov.br\/?p=6042"},"modified":"2020-12-03T16:37:12","modified_gmt":"2020-12-03T19:37:12","slug":"prefeitura-distribui-kits-de-merenda-e-atividades-impressas","status":"publish","type":"post","link":"https:\/\/www.silvajardim.rj.gov.br\/index.php\/2020\/12\/03\/prefeitura-distribui-kits-de-merenda-e-atividades-impressas\/","title":{"rendered":"PREFEITURA DISTRIBUI KITS DE MERENDA E ATIVIDADES IMPRESSAS"},"content":{"rendered":"\n<p>A Prefeitura de Silva Jardim, atrav\u00e9s da Secretaria Municipal de Educa\u00e7\u00e3o, Ci\u00eancias e Tecnologia, est\u00e1 entregando nesta semana mais uma remessa dos kits de merenda para os nossos alunos. Os kits est\u00e3o sendo entregues nas escolas e nas casas dos alunos que residem distante de sua unidade escolar. Est\u00e3o sendo entregues tamb\u00e9m as atividades impressas.<\/p>\n\n\n\n<p>Na \u00faltima semana, os kits e as atividades foram entregues em escolas como CEPM Prof\u00aa Vera L\u00facia Pereira Coelho, E.M. Omar Faria Alfradique, J.I. Patinho Feio, Creche Emanuel, e E.E.M. Durval Palmeira.<\/p>\n\n\n\n<p>J\u00e1 nesta semana, os kits e as atividades est\u00e3o sendo entregues nas escolas Agenor Pires da Cunha, E.E.M. Imba\u00fa, Centro Integrado Educacional Adail Maria Tinoco, Creche Laurita, Centro Ed. Prof\u00aa Sonia Braga Pereira Brandt, E.M. Alfredo Backer, e E.M. Cambucaes. <\/p>\n\n\n\n<p>Na pr\u00f3xima semana estaremos divulgando o cronograma das demais escolas restantes.<\/p>\n\n\n\n<figure class=\"wp-block-image size-large\"><img decoding=\"async\" src=\"https:\/\/www.silvajardim.rj.gov.br\/wp-content\/uploads\/2020\/12\/IMG_1533-1024x683.jpg\" alt=\"\" class=\"wp-image-6045\" \/><\/figure>\n\n\n\n<figure class=\"wp-block-image size-large\"><img decoding=\"async\" src=\"https:\/\/www.silvajardim.rj.gov.br\/wp-content\/uploads\/2020\/12\/IMG_1525-1024x683.jpg\" alt=\"\" class=\"wp-image-6043\" \/><\/figure>\n\n\n\n<figure class=\"wp-block-image size-large\"><img decoding=\"async\" src=\"https:\/\/www.silvajardim.rj.gov.br\/wp-content\/uploads\/2020\/12\/IMG_1530-1024x683.jpg\" alt=\"\" class=\"wp-image-6044\" \/><\/figure>\n\n\n\n<figure class=\"wp-block-image size-large\"><img decoding=\"async\" src=\"https:\/\/www.silvajardim.rj.gov.br\/wp-content\/uploads\/2020\/12\/IMG_1534-1024x683.jpg\" alt=\"\" class=\"wp-image-6046\" \/><\/figure>\n\n\n\n<figure class=\"wp-block-image size-large\"><img decoding=\"async\" src=\"https:\/\/www.silvajardim.rj.gov.br\/wp-content\/uploads\/2020\/12\/IMG_1536-1024x683.jpg\" alt=\"\" class=\"wp-image-6047\" \/><\/figure>\n\n\n\n<figure class=\"wp-block-image size-large\"><img decoding=\"async\" src=\"https:\/\/www.silvajardim.rj.gov.br\/wp-content\/uploads\/2020\/12\/IMG_1539-1024x683.jpg\" alt=\"\" class=\"wp-image-6048\" \/><\/figure>\n\n\n\n<figure class=\"wp-block-image size-large\"><img decoding=\"async\" src=\"https:\/\/www.silvajardim.rj.gov.br\/wp-content\/uploads\/2020\/12\/IMG_1541-1024x683.jpg\" alt=\"\" class=\"wp-image-6049\" \/><\/figure>\n\n\n\n<figure class=\"wp-block-image size-large\"><img decoding=\"async\" src=\"https:\/\/www.silvajardim.rj.gov.br\/wp-content\/uploads\/2020\/12\/IMG_1542-1024x683.jpg\" alt=\"\" class=\"wp-image-6050\" \/><\/figure>\n\n\n\n<figure class=\"wp-block-image size-large\"><img decoding=\"async\" src=\"https:\/\/www.silvajardim.rj.gov.br\/wp-content\/uploads\/2020\/12\/IMG_1549-1024x683.jpg\" alt=\"\" class=\"wp-image-6051\" \/><\/figure>\n\n\n\n<figure class=\"wp-block-image size-large\"><img decoding=\"async\" src=\"https:\/\/www.silvajardim.rj.gov.br\/wp-content\/uploads\/2020\/12\/IMG_1552-1024x683.jpg\" alt=\"\" class=\"wp-image-6052\" \/><\/figure>\n\n\n\n<figure class=\"wp-block-image size-large\"><img decoding=\"async\" src=\"https:\/\/www.silvajardim.rj.gov.br\/wp-content\/uploads\/2020\/12\/IMG_1555-1024x683.jpg\" alt=\"\" class=\"wp-image-6053\" \/><\/figure>\n\n\n\n<figure class=\"wp-block-image size-large\"><img decoding=\"async\" src=\"https:\/\/www.silvajardim.rj.gov.br\/wp-content\/uploads\/2020\/12\/IMG_1571-1024x683.jpg\" alt=\"\" class=\"wp-image-6054\" \/><\/figure>\n\n\n\n<figure class=\"wp-block-image size-large\"><img decoding=\"async\" src=\"https:\/\/www.silvajardim.rj.gov.br\/wp-content\/uploads\/2020\/12\/IMG_1575-1024x683.jpg\" alt=\"\" class=\"wp-image-6055\" \/><\/figure>\n\n\n\n<figure class=\"wp-block-image size-large\"><img decoding=\"async\" src=\"https:\/\/www.silvajardim.rj.gov.br\/wp-content\/uploads\/2020\/12\/IMG_1576-1024x683.jpg\" alt=\"\" class=\"wp-image-6056\" \/><\/figure>\n\n\n\n<figure class=\"wp-block-image size-large\"><img decoding=\"async\" src=\"https:\/\/www.silvajardim.rj.gov.br\/wp-content\/uploads\/2020\/12\/IMG_1581-1024x683.jpg\" alt=\"\" class=\"wp-image-6057\" \/><\/figure>\n\n\n\n<figure class=\"wp-block-image size-large\"><img decoding=\"async\" src=\"https:\/\/www.silvajardim.rj.gov.br\/wp-content\/uploads\/2020\/12\/IMG_1586-1024x683.jpg\" alt=\"\" class=\"wp-image-6058\" \/><\/figure>\n\n\n\n<figure class=\"wp-block-image size-large\"><img decoding=\"async\" src=\"https:\/\/www.silvajardim.rj.gov.br\/wp-content\/uploads\/2020\/12\/IMG_1589-1024x683.jpg\" alt=\"\" class=\"wp-image-6059\" \/><\/figure>\n\n\n\n<figure class=\"wp-block-image size-large\"><img decoding=\"async\" src=\"https:\/\/www.silvajardim.rj.gov.br\/wp-content\/uploads\/2020\/12\/IMG_1591-1024x683.jpg\" alt=\"\" class=\"wp-image-6060\" \/><\/figure>\n\n\n\n<figure class=\"wp-block-image size-large\"><img decoding=\"async\" src=\"https:\/\/www.silvajardim.rj.gov.br\/wp-content\/uploads\/2020\/12\/IMG_1595-1024x683.jpg\" alt=\"\" class=\"wp-image-6061\" \/><\/figure>\n\n\n\n<figure class=\"wp-block-image size-large\"><img decoding=\"async\" src=\"https:\/\/www.silvajardim.rj.gov.br\/wp-content\/uploads\/2020\/12\/IMG_1600-1024x683.jpg\" alt=\"\" class=\"wp-image-6062\" \/><\/figure>\n\n\n\n<figure class=\"wp-block-image size-large\"><img decoding=\"async\" src=\"https:\/\/www.silvajardim.rj.gov.br\/wp-content\/uploads\/2020\/12\/IMG_1601-1024x683.jpg\" alt=\"\" class=\"wp-image-6063\" \/><\/figure>\n\n\n\n<figure class=\"wp-block-image size-large\"><img decoding=\"async\" src=\"https:\/\/www.silvajardim.rj.gov.br\/wp-content\/uploads\/2020\/12\/IMG_1603-1024x683.jpg\" alt=\"\" class=\"wp-image-6064\" \/><\/figure>\n\n\n\n<figure class=\"wp-block-image size-large\"><img decoding=\"async\" src=\"https:\/\/www.silvajardim.rj.gov.br\/wp-content\/uploads\/2020\/12\/IMG_1606-1024x683.jpg\" alt=\"\" class=\"wp-image-6065\" \/><\/figure>\n\n\n\n<figure class=\"wp-block-image size-large\"><img decoding=\"async\" src=\"https:\/\/www.silvajardim.rj.gov.br\/wp-content\/uploads\/2020\/12\/IMG_1608-1024x683.jpg\" alt=\"\" class=\"wp-image-6066\" \/><\/figure>\n\n\n\n<figure class=\"wp-block-image size-large\"><img decoding=\"async\" src=\"https:\/\/www.silvajardim.rj.gov.br\/wp-content\/uploads\/2020\/12\/IMG_1610-1024x683.jpg\" alt=\"\" class=\"wp-image-6067\" \/><\/figure>\n","protected":false},"excerpt":{"rendered":"<p>A Prefeitura de Silva Jardim, atrav\u00e9s da Secretaria Municipal de Educa\u00e7\u00e3o, Ci\u00eancias e Tecnologia, est\u00e1 entregando nesta semana mais uma<\/p>\n","protected":false},"author":1,"featured_media":6045,"comment_status":"closed","ping_status":"closed","sticky":false,"template":"","format":"standard","meta":{"_mi_skip_tracking":false,"footnotes":""},"categories":[286],"tags":[],"class_list":["post-6042","post","type-post","status-publish","format-standard","has-post-thumbnail","hentry","category-educacao"],"_links":{"self":[{"href":"https:\/\/www.silvajardim.rj.gov.br\/index.php\/wp-json\/wp\/v2\/posts\/6042","targetHints":{"allow":["GET"]}}],"collection":[{"href":"https:\/\/www.silvajardim.rj.gov.br\/index.php\/wp-json\/wp\/v2\/posts"}],"about":[{"href":"https:\/\/www.silvajardim.rj.gov.br\/index.php\/wp-json\/wp\/v2\/types\/post"}],"author":[{"embeddable":true,"href":"https:\/\/www.silvajardim.rj.gov.br\/index.php\/wp-json\/wp\/v2\/users\/1"}],"replies":[{"embeddable":true,"href":"https:\/\/www.silvajardim.rj.gov.br\/index.php\/wp-json\/wp\/v2\/comments?post=6042"}],"version-history":[{"count":0,"href":"https:\/\/www.silvajardim.rj.gov.br\/index.php\/wp-json\/wp\/v2\/posts\/6042\/revisions"}],"wp:featuredmedia":[{"embeddable":true,"href":"https:\/\/www.silvajardim.rj.gov.br\/index.php\/wp-json\/"}],"wp:attachment":[{"href":"https:\/\/www.silvajardim.rj.gov.br\/index.php\/wp-json\/wp\/v2\/media?parent=6042"}],"wp:term":[{"taxonomy":"category","embeddable":true,"href":"https:\/\/www.silvajardim.rj.gov.br\/index.php\/wp-json\/wp\/v2\/categories?post=6042"},{"taxonomy":"post_tag","embeddable":true,"href":"https:\/\/www.silvajardim.rj.gov.br\/index.php\/wp-json\/wp\/v2\/tags?post=6042"}],"curies":[{"name":"wp","href":"https:\/\/api.w.org\/{rel}","templated":true}]}}