{"id":6227,"date":"2020-12-15T12:50:13","date_gmt":"2020-12-15T15:50:13","guid":{"rendered":"https:\/\/www.silvajardim.rj.gov.br\/?p=6227"},"modified":"2020-12-15T12:50:13","modified_gmt":"2020-12-15T15:50:13","slug":"prefeitura-inicia-servico-de-limpeza-e-rocada-as-margens-da-rj-140","status":"publish","type":"post","link":"https:\/\/www.silvajardim.rj.gov.br\/index.php\/2020\/12\/15\/prefeitura-inicia-servico-de-limpeza-e-rocada-as-margens-da-rj-140\/","title":{"rendered":"PREFEITURA INICIA SERVI\u00c7O DE LIMPEZA E RO\u00c7ADA AS MARGENS DA RJ-140"},"content":{"rendered":"\n<p>A Prefeitura de Silva Jardim, atrav\u00e9s das Secretarias Municipais de Servi\u00e7os P\u00fablicos e Manuten\u00e7\u00e3o, Agricultura, Abastecimento e Pesca, iniciou na manh\u00e3 desta ter\u00e7a-feira (15), um servi\u00e7o de limpeza e ro\u00e7ada as margens da RJ-140, no trecho que liga a BR-101 ao Centro de Silva Jardim. O trabalho tem como objetivo melhorar as condi\u00e7\u00f5es de visibilidade para os motoristas que utilizam a rodovia. O servi\u00e7o est\u00e1 sendo executado com o aux\u00edlio de um Trator Escorpi\u00e3o.<\/p>\n\n\n\n<figure class=\"wp-block-image size-large\"><img decoding=\"async\" src=\"https:\/\/www.silvajardim.rj.gov.br\/wp-content\/uploads\/2020\/12\/WhatsApp-Image-2020-12-15-at-12.29.22-576x1024.jpeg\" alt=\"\" class=\"wp-image-6230\" \/><\/figure>\n\n\n\n<figure class=\"wp-block-image size-large\"><img decoding=\"async\" src=\"https:\/\/www.silvajardim.rj.gov.br\/wp-content\/uploads\/2020\/12\/WhatsApp-Image-2020-12-15-at-12.02.34-1024x576.jpeg\" alt=\"\" class=\"wp-image-6228\" \/><\/figure>\n\n\n\n<figure class=\"wp-block-image size-large\"><img decoding=\"async\" src=\"https:\/\/www.silvajardim.rj.gov.br\/wp-content\/uploads\/2020\/12\/WhatsApp-Image-2020-12-15-at-12.02.36-1024x576.jpeg\" alt=\"\" class=\"wp-image-6229\" \/><\/figure>\n\n\n\n<figure class=\"wp-block-image size-large\"><img decoding=\"async\" src=\"https:\/\/www.silvajardim.rj.gov.br\/wp-content\/uploads\/2020\/12\/WhatsApp-Image-2020-12-15-at-12.29.23-576x1024.jpeg\" alt=\"\" class=\"wp-image-6231\" \/><\/figure>\n\n\n\n<figure class=\"wp-block-image size-large\"><img decoding=\"async\" src=\"https:\/\/www.silvajardim.rj.gov.br\/wp-content\/uploads\/2020\/12\/WhatsApp-Image-2020-12-15-at-12.29.25-576x1024.jpeg\" alt=\"\" class=\"wp-image-6232\" \/><\/figure>\n","protected":false},"excerpt":{"rendered":"<p>A Prefeitura de Silva Jardim, atrav\u00e9s das Secretarias Municipais de Servi\u00e7os P\u00fablicos e Manuten\u00e7\u00e3o, Agricultura, Abastecimento e Pesca, iniciou na<\/p>\n","protected":false},"author":1,"featured_media":6230,"comment_status":"closed","ping_status":"closed","sticky":false,"template":"","format":"standard","meta":{"_mi_skip_tracking":false,"footnotes":""},"categories":[272,277],"tags":[],"class_list":["post-6227","post","type-post","status-publish","format-standard","has-post-thumbnail","hentry","category-agricultura","category-obras-e-servicos-publicos"],"_links":{"self":[{"href":"https:\/\/www.silvajardim.rj.gov.br\/index.php\/wp-json\/wp\/v2\/posts\/6227","targetHints":{"allow":["GET"]}}],"collection":[{"href":"https:\/\/www.silvajardim.rj.gov.br\/index.php\/wp-json\/wp\/v2\/posts"}],"about":[{"href":"https:\/\/www.silvajardim.rj.gov.br\/index.php\/wp-json\/wp\/v2\/types\/post"}],"author":[{"embeddable":true,"href":"https:\/\/www.silvajardim.rj.gov.br\/index.php\/wp-json\/wp\/v2\/users\/1"}],"replies":[{"embeddable":true,"href":"https:\/\/www.silvajardim.rj.gov.br\/index.php\/wp-json\/wp\/v2\/comments?post=6227"}],"version-history":[{"count":0,"href":"https:\/\/www.silvajardim.rj.gov.br\/index.php\/wp-json\/wp\/v2\/posts\/6227\/revisions"}],"wp:featuredmedia":[{"embeddable":true,"href":"https:\/\/www.silvajardim.rj.gov.br\/index.php\/wp-json\/"}],"wp:attachment":[{"href":"https:\/\/www.silvajardim.rj.gov.br\/index.php\/wp-json\/wp\/v2\/media?parent=6227"}],"wp:term":[{"taxonomy":"category","embeddable":true,"href":"https:\/\/www.silvajardim.rj.gov.br\/index.php\/wp-json\/wp\/v2\/categories?post=6227"},{"taxonomy":"post_tag","embeddable":true,"href":"https:\/\/www.silvajardim.rj.gov.br\/index.php\/wp-json\/wp\/v2\/tags?post=6227"}],"curies":[{"name":"wp","href":"https:\/\/api.w.org\/{rel}","templated":true}]}}