{"id":6234,"date":"2020-12-15T17:05:14","date_gmt":"2020-12-15T20:05:14","guid":{"rendered":"https:\/\/www.silvajardim.rj.gov.br\/?p=6234"},"modified":"2020-12-15T17:05:14","modified_gmt":"2020-12-15T20:05:14","slug":"testagem-em-massa-do-covid-19-nos-bairros-boqueirao-e-fazenda-brasil","status":"publish","type":"post","link":"https:\/\/www.silvajardim.rj.gov.br\/index.php\/2020\/12\/15\/testagem-em-massa-do-covid-19-nos-bairros-boqueirao-e-fazenda-brasil\/","title":{"rendered":"TESTAGEM EM MASSA DO COVID-19 NOS BAIRROS BOQUEIR\u00c3O E FAZENDA BRASIL"},"content":{"rendered":"\n<p>A Prefeitura de Silva Jardim, atrav\u00e9s da Secretaria Municipal de Sa\u00fade e Assist\u00eancia Social, realizou nesta ter\u00e7a-feira (15), a testagem em massa do Novo Coronav\u00edrus (Covid-19), nos bairros Boqueir\u00e3o e Fazenda Brasil. Nesta nova etapa, est\u00e3o sendo atendidos os bairros com maior incid\u00eancia da doen\u00e7a no Munic\u00edpio.<\/p>\n\n\n\n<p>Em Boqueir\u00e3o, os testes foram realizados na Unidade B\u00e1sica de Sa\u00fade (UBS). J\u00e1 na Fazenda Brasil, os testes foram realizados no Gin\u00e1sio Poliesportivo Jorge Mendon\u00e7a, ao lado da UBS.<\/p>\n\n\n\n<p>Nesta semana, ainda estaremos atendendo nos seguintes bairros:<\/p>\n\n\n\n<p>17\/12 (quinta-feira)<\/p>\n\n\n\n<p>9h00 \u00e0s 12h00 \u2013 UBS Caxito<\/p>\n\n\n\n<p>13h00 \u00e0s 16h00 \u2013 UBS Imba\u00fa <\/p>\n\n\n\n<p>Juntos, conseguiremos vencer essa pandemia. A sua sa\u00fade \u00e9 a nossa maior prioridade.<\/p>\n\n\n\n<figure class=\"wp-block-image size-large\"><img decoding=\"async\" src=\"https:\/\/www.silvajardim.rj.gov.br\/wp-content\/uploads\/2020\/12\/IMG_1955-1024x683.jpg\" alt=\"\" class=\"wp-image-6235\" \/><\/figure>\n\n\n\n<figure class=\"wp-block-image size-large\"><img decoding=\"async\" src=\"https:\/\/www.silvajardim.rj.gov.br\/wp-content\/uploads\/2020\/12\/IMG_1958-1024x683.jpg\" alt=\"\" class=\"wp-image-6236\" \/><\/figure>\n\n\n\n<figure class=\"wp-block-image size-large\"><img decoding=\"async\" src=\"https:\/\/www.silvajardim.rj.gov.br\/wp-content\/uploads\/2020\/12\/IMG_1959-1024x683.jpg\" alt=\"\" class=\"wp-image-6237\" \/><\/figure>\n\n\n\n<figure class=\"wp-block-image size-large\"><img decoding=\"async\" src=\"https:\/\/www.silvajardim.rj.gov.br\/wp-content\/uploads\/2020\/12\/IMG_1960-1024x683.jpg\" alt=\"\" class=\"wp-image-6238\" \/><\/figure>\n\n\n\n<figure class=\"wp-block-image size-large\"><img decoding=\"async\" src=\"https:\/\/www.silvajardim.rj.gov.br\/wp-content\/uploads\/2020\/12\/IMG_1962-1024x683.jpg\" alt=\"\" class=\"wp-image-6239\" \/><\/figure>\n\n\n\n<figure class=\"wp-block-image size-large\"><img decoding=\"async\" src=\"https:\/\/www.silvajardim.rj.gov.br\/wp-content\/uploads\/2020\/12\/IMG_1965-1024x683.jpg\" alt=\"\" class=\"wp-image-6240\" \/><\/figure>\n\n\n\n<figure class=\"wp-block-image size-large\"><img decoding=\"async\" src=\"https:\/\/www.silvajardim.rj.gov.br\/wp-content\/uploads\/2020\/12\/IMG_1966-1024x683.jpg\" alt=\"\" class=\"wp-image-6241\" \/><\/figure>\n\n\n\n<figure class=\"wp-block-image size-large\"><img decoding=\"async\" src=\"https:\/\/www.silvajardim.rj.gov.br\/wp-content\/uploads\/2020\/12\/IMG_1968-1024x683.jpg\" alt=\"\" class=\"wp-image-6242\" \/><\/figure>\n\n\n\n<figure class=\"wp-block-image size-large\"><img decoding=\"async\" src=\"https:\/\/www.silvajardim.rj.gov.br\/wp-content\/uploads\/2020\/12\/IMG_1971-1024x683.jpg\" alt=\"\" class=\"wp-image-6243\" \/><\/figure>\n\n\n\n<figure class=\"wp-block-image size-large\"><img decoding=\"async\" src=\"https:\/\/www.silvajardim.rj.gov.br\/wp-content\/uploads\/2020\/12\/IMG_1980-1024x683.jpg\" alt=\"\" class=\"wp-image-6244\" \/><\/figure>\n\n\n\n<figure class=\"wp-block-image size-large\"><img decoding=\"async\" src=\"https:\/\/www.silvajardim.rj.gov.br\/wp-content\/uploads\/2020\/12\/IMG_1989-1024x683.jpg\" alt=\"\" class=\"wp-image-6245\" \/><\/figure>\n\n\n\n<figure class=\"wp-block-image size-large\"><img decoding=\"async\" src=\"https:\/\/www.silvajardim.rj.gov.br\/wp-content\/uploads\/2020\/12\/IMG_1994-1024x683.jpg\" alt=\"\" class=\"wp-image-6246\" \/><\/figure>\n\n\n\n<figure class=\"wp-block-image size-large\"><img decoding=\"async\" src=\"https:\/\/www.silvajardim.rj.gov.br\/wp-content\/uploads\/2020\/12\/IMG_2001-1024x683.jpg\" alt=\"\" class=\"wp-image-6247\" \/><\/figure>\n\n\n\n<figure class=\"wp-block-image size-large\"><img decoding=\"async\" src=\"https:\/\/www.silvajardim.rj.gov.br\/wp-content\/uploads\/2020\/12\/IMG_2005-1024x683.jpg\" alt=\"\" class=\"wp-image-6248\" \/><\/figure>\n\n\n\n<figure class=\"wp-block-image size-large\"><img decoding=\"async\" src=\"https:\/\/www.silvajardim.rj.gov.br\/wp-content\/uploads\/2020\/12\/IMG_2010-1024x683.jpg\" alt=\"\" class=\"wp-image-6249\" \/><\/figure>\n\n\n\n<figure class=\"wp-block-image size-large\"><img decoding=\"async\" src=\"https:\/\/www.silvajardim.rj.gov.br\/wp-content\/uploads\/2020\/12\/IMG_2013-1024x683.jpg\" alt=\"\" class=\"wp-image-6250\" \/><\/figure>\n\n\n\n<figure class=\"wp-block-image size-large\"><img decoding=\"async\" src=\"https:\/\/www.silvajardim.rj.gov.br\/wp-content\/uploads\/2020\/12\/IMG_2021-1024x683.jpg\" alt=\"\" class=\"wp-image-6251\" \/><\/figure>\n\n\n\n<figure class=\"wp-block-image size-large\"><img decoding=\"async\" src=\"https:\/\/www.silvajardim.rj.gov.br\/wp-content\/uploads\/2020\/12\/IMG_2024-1024x683.jpg\" alt=\"\" class=\"wp-image-6252\" \/><\/figure>\n\n\n\n<figure class=\"wp-block-image size-large\"><img decoding=\"async\" src=\"https:\/\/www.silvajardim.rj.gov.br\/wp-content\/uploads\/2020\/12\/IMG_2029-1024x683.jpg\" alt=\"\" class=\"wp-image-6253\" \/><\/figure>\n\n\n\n<figure class=\"wp-block-image size-large\"><img decoding=\"async\" src=\"https:\/\/www.silvajardim.rj.gov.br\/wp-content\/uploads\/2020\/12\/IMG_2033-1024x683.jpg\" alt=\"\" class=\"wp-image-6254\" \/><\/figure>\n\n\n\n<figure class=\"wp-block-image size-large\"><img decoding=\"async\" src=\"https:\/\/www.silvajardim.rj.gov.br\/wp-content\/uploads\/2020\/12\/IMG_2041-1024x683.jpg\" alt=\"\" class=\"wp-image-6255\" \/><\/figure>\n\n\n\n<figure class=\"wp-block-image size-large\"><img decoding=\"async\" src=\"https:\/\/www.silvajardim.rj.gov.br\/wp-content\/uploads\/2020\/12\/IMG_2044-1024x683.jpg\" alt=\"\" class=\"wp-image-6256\" \/><\/figure>\n","protected":false},"excerpt":{"rendered":"<p>A Prefeitura de Silva Jardim, atrav\u00e9s da Secretaria Municipal de Sa\u00fade e Assist\u00eancia Social, realizou nesta ter\u00e7a-feira (15), a testagem<\/p>\n","protected":false},"author":1,"featured_media":6235,"comment_status":"closed","ping_status":"closed","sticky":false,"template":"","format":"standard","meta":{"_mi_skip_tracking":false,"footnotes":""},"categories":[274,275],"tags":[],"class_list":["post-6234","post","type-post","status-publish","format-standard","has-post-thumbnail","hentry","category-covid19","category-saude"],"_links":{"self":[{"href":"https:\/\/www.silvajardim.rj.gov.br\/index.php\/wp-json\/wp\/v2\/posts\/6234","targetHints":{"allow":["GET"]}}],"collection":[{"href":"https:\/\/www.silvajardim.rj.gov.br\/index.php\/wp-json\/wp\/v2\/posts"}],"about":[{"href":"https:\/\/www.silvajardim.rj.gov.br\/index.php\/wp-json\/wp\/v2\/types\/post"}],"author":[{"embeddable":true,"href":"https:\/\/www.silvajardim.rj.gov.br\/index.php\/wp-json\/wp\/v2\/users\/1"}],"replies":[{"embeddable":true,"href":"https:\/\/www.silvajardim.rj.gov.br\/index.php\/wp-json\/wp\/v2\/comments?post=6234"}],"version-history":[{"count":0,"href":"https:\/\/www.silvajardim.rj.gov.br\/index.php\/wp-json\/wp\/v2\/posts\/6234\/revisions"}],"wp:featuredmedia":[{"embeddable":true,"href":"https:\/\/www.silvajardim.rj.gov.br\/index.php\/wp-json\/"}],"wp:attachment":[{"href":"https:\/\/www.silvajardim.rj.gov.br\/index.php\/wp-json\/wp\/v2\/media?parent=6234"}],"wp:term":[{"taxonomy":"category","embeddable":true,"href":"https:\/\/www.silvajardim.rj.gov.br\/index.php\/wp-json\/wp\/v2\/categories?post=6234"},{"taxonomy":"post_tag","embeddable":true,"href":"https:\/\/www.silvajardim.rj.gov.br\/index.php\/wp-json\/wp\/v2\/tags?post=6234"}],"curies":[{"name":"wp","href":"https:\/\/api.w.org\/{rel}","templated":true}]}}