{"id":913,"date":"2019-05-06T15:32:22","date_gmt":"2019-05-06T18:32:22","guid":{"rendered":"http:\/\/www.silvajardim.rj.gov.br\/?p=913"},"modified":"2019-05-06T15:32:22","modified_gmt":"2019-05-06T18:32:22","slug":"amistoso-da-amizade-agita-mais-um-dia-da-comemoracao-de-aniversario-da-cidade","status":"publish","type":"post","link":"https:\/\/www.silvajardim.rj.gov.br\/index.php\/2019\/05\/06\/amistoso-da-amizade-agita-mais-um-dia-da-comemoracao-de-aniversario-da-cidade\/","title":{"rendered":"Amistoso da Amizade agita mais um dia da Comemora\u00e7\u00e3o de Anivers\u00e1rio da Cidade"},"content":{"rendered":"\n<figure class=\"wp-block-image\"><img decoding=\"async\" src=\"http:\/\/www.silvajardim.rj.gov.br\/wp-content\/uploads\/2019\/05\/06.05.2019.6.jpg\" alt=\"\" class=\"wp-image-914\" \/><\/figure>\n\n\n\n<p>O amistoso entre a Sele\u00e7\u00e3o de Silva Jardim x Sele\u00e7\u00e3o de Rio das Ostras (Ostr\u00e3o), marcou a manh\u00e3 do ultimo domingo (5), no Campo do Uni\u00e3o, no centro da cidade, em comemora\u00e7\u00e3o aos 178 anos de emancipa\u00e7\u00e3o politica do Munic\u00edpio. <br><br>A Sele\u00e7\u00e3o Silva Jardim (Branco) saiu vitoriosa, contra a Sele\u00e7\u00e3o Rio das Ostras (Azul), com o Placar de 1 x 0, gol feito pelo Jogador Biel, que tamb\u00e9m foi considerado o destaque da partida. <br><br>Mais de 200 pessoas prestigiaram o vento. A partida foi uma realiza\u00e7\u00e3o da Prefeitura Municipal de Silva Jardim, juntamente com a Secretaria de Esporte e Lazer. <\/p>\n\n\n\n<figure class=\"wp-block-image\"><img decoding=\"async\" src=\"http:\/\/www.silvajardim.rj.gov.br\/wp-content\/uploads\/2019\/05\/06.05.2019.5.jpg\" alt=\"\" class=\"wp-image-915\" \/><\/figure>\n\n\n\n<figure class=\"wp-block-image\"><img decoding=\"async\" src=\"http:\/\/www.silvajardim.rj.gov.br\/wp-content\/uploads\/2019\/05\/06.05.2019.6-1.jpg\" alt=\"\" class=\"wp-image-916\" \/><\/figure>\n\n\n\n<p><br><br><br><\/p>\n","protected":false},"excerpt":{"rendered":"<p>O amistoso entre a Sele\u00e7\u00e3o de Silva Jardim x Sele\u00e7\u00e3o de Rio das Ostras (Ostr\u00e3o), marcou a manh\u00e3 do ultimo<\/p>\n","protected":false},"author":1,"featured_media":915,"comment_status":"closed","ping_status":"closed","sticky":false,"template":"","format":"standard","meta":{"_mi_skip_tracking":false,"footnotes":""},"categories":[283,273],"tags":[],"class_list":["post-913","post","type-post","status-publish","format-standard","has-post-thumbnail","hentry","category-esporte-e-lazer","category-prefeitura"],"_links":{"self":[{"href":"https:\/\/www.silvajardim.rj.gov.br\/index.php\/wp-json\/wp\/v2\/posts\/913","targetHints":{"allow":["GET"]}}],"collection":[{"href":"https:\/\/www.silvajardim.rj.gov.br\/index.php\/wp-json\/wp\/v2\/posts"}],"about":[{"href":"https:\/\/www.silvajardim.rj.gov.br\/index.php\/wp-json\/wp\/v2\/types\/post"}],"author":[{"embeddable":true,"href":"https:\/\/www.silvajardim.rj.gov.br\/index.php\/wp-json\/wp\/v2\/users\/1"}],"replies":[{"embeddable":true,"href":"https:\/\/www.silvajardim.rj.gov.br\/index.php\/wp-json\/wp\/v2\/comments?post=913"}],"version-history":[{"count":0,"href":"https:\/\/www.silvajardim.rj.gov.br\/index.php\/wp-json\/wp\/v2\/posts\/913\/revisions"}],"wp:featuredmedia":[{"embeddable":true,"href":"https:\/\/www.silvajardim.rj.gov.br\/index.php\/wp-json\/"}],"wp:attachment":[{"href":"https:\/\/www.silvajardim.rj.gov.br\/index.php\/wp-json\/wp\/v2\/media?parent=913"}],"wp:term":[{"taxonomy":"category","embeddable":true,"href":"https:\/\/www.silvajardim.rj.gov.br\/index.php\/wp-json\/wp\/v2\/categories?post=913"},{"taxonomy":"post_tag","embeddable":true,"href":"https:\/\/www.silvajardim.rj.gov.br\/index.php\/wp-json\/wp\/v2\/tags?post=913"}],"curies":[{"name":"wp","href":"https:\/\/api.w.org\/{rel}","templated":true}]}}