{"id":934,"date":"2019-05-09T15:40:30","date_gmt":"2019-05-09T18:40:30","guid":{"rendered":"http:\/\/www.silvajardim.rj.gov.br\/?p=934"},"modified":"2019-05-09T15:40:30","modified_gmt":"2019-05-09T18:40:30","slug":"cerimonia-de-hasteamento-das-bandeiras-abre-o-dia-do-aniversario-da-cidade","status":"publish","type":"post","link":"https:\/\/www.silvajardim.rj.gov.br\/index.php\/2019\/05\/09\/cerimonia-de-hasteamento-das-bandeiras-abre-o-dia-do-aniversario-da-cidade\/","title":{"rendered":"Cerim\u00f4nia de Hasteamento das Bandeiras abre o dia do Anivers\u00e1rio da Cidade"},"content":{"rendered":"\n<figure class=\"wp-block-image\"><img decoding=\"async\" src=\"http:\/\/www.silvajardim.rj.gov.br\/wp-content\/uploads\/2019\/05\/09.05.2019.2.jpg\" alt=\"\" class=\"wp-image-935\" \/><\/figure>\n\n\n\n<p>Aconteceu na manh\u00e3 desta quarta-feira (8), a tradicional cerim\u00f4nia de hasteamento das bandeiras em comemora\u00e7\u00e3o aos 178 anos de emancipa\u00e7\u00e3o pol\u00edtico-administrativa de Silva Jardim. A solenidade foi realizada na Pra\u00e7a Amaral Peixoto, em frente \u00e0 Prefeitura Municipal e contou com as participa\u00e7\u00f5es da Prefeita Cilene, do Presidente do Legislativo Municipal, Jazimiel Batista, da Secret\u00e1ria Municipal de Educa\u00e7\u00e3o, K\u00e1tia Passos e do Pe. Willians Mar Paulo. A cerim\u00f4nia contou ainda com a apresenta\u00e7\u00e3o da Associa\u00e7\u00e3o Musical e Dram\u00e1tica Hon\u00f3rio Coelho, al\u00e9m da presen\u00e7a de diversos vereadores e secret\u00e1rios municipais.<\/p>\n\n\n\n<p>Em seu discurso, a Prefeita Cilene falou sobre a import\u00e2ncia de todos no processo de crescimento do munic\u00edpio e convocou toda a comunidade, que junto ao poder p\u00fablico, unissem for\u00e7as para trabalhar em prol do munic\u00edpio. \u201cSou Prefeita, mas, sobretudo, sou funcion\u00e1ria de voc\u00eas. Todo empenho do meu trabalho \u00e9 no sentido de promover e melhorar a qualidade de vida do nosso bem maior, que s\u00e3o as pessoas deste munic\u00edpio. Por isso, neste anivers\u00e1rio de 178 anos, convido a cada um de voc\u00eas, secret\u00e1rios, funcion\u00e1rios, vereadores, autoridades eclesi\u00e1sticas, mun\u00edcipes, a juntos, construirmos uma realidade de progresso. Vamos trabalhar para todos, investindo na forma\u00e7\u00e3o de nossas crian\u00e7as, na qualifica\u00e7\u00e3o e na gera\u00e7\u00e3o de trabalho. Silva Jardim precisa de todos n\u00f3s!\u201d, afirmou Cilene.<\/p>\n\n\n\n<figure class=\"wp-block-image\"><img decoding=\"async\" src=\"http:\/\/www.silvajardim.rj.gov.br\/wp-content\/uploads\/2019\/05\/09.05.2019.4.jpg\" alt=\"\" class=\"wp-image-937\" \/><\/figure>\n\n\n\n<figure class=\"wp-block-image\"><img decoding=\"async\" src=\"http:\/\/www.silvajardim.rj.gov.br\/wp-content\/uploads\/2019\/05\/09.05.2019.3.jpg\" alt=\"\" class=\"wp-image-936\" \/><\/figure>\n","protected":false},"excerpt":{"rendered":"<p>Aconteceu na manh\u00e3 desta quarta-feira (8), a tradicional cerim\u00f4nia de hasteamento das bandeiras em comemora\u00e7\u00e3o aos 178 anos de emancipa\u00e7\u00e3o<\/p>\n","protected":false},"author":1,"featured_media":935,"comment_status":"closed","ping_status":"closed","sticky":false,"template":"","format":"standard","meta":{"_mi_skip_tracking":false,"footnotes":""},"categories":[273],"tags":[],"class_list":["post-934","post","type-post","status-publish","format-standard","has-post-thumbnail","hentry","category-prefeitura"],"_links":{"self":[{"href":"https:\/\/www.silvajardim.rj.gov.br\/index.php\/wp-json\/wp\/v2\/posts\/934","targetHints":{"allow":["GET"]}}],"collection":[{"href":"https:\/\/www.silvajardim.rj.gov.br\/index.php\/wp-json\/wp\/v2\/posts"}],"about":[{"href":"https:\/\/www.silvajardim.rj.gov.br\/index.php\/wp-json\/wp\/v2\/types\/post"}],"author":[{"embeddable":true,"href":"https:\/\/www.silvajardim.rj.gov.br\/index.php\/wp-json\/wp\/v2\/users\/1"}],"replies":[{"embeddable":true,"href":"https:\/\/www.silvajardim.rj.gov.br\/index.php\/wp-json\/wp\/v2\/comments?post=934"}],"version-history":[{"count":0,"href":"https:\/\/www.silvajardim.rj.gov.br\/index.php\/wp-json\/wp\/v2\/posts\/934\/revisions"}],"wp:featuredmedia":[{"embeddable":true,"href":"https:\/\/www.silvajardim.rj.gov.br\/index.php\/wp-json\/wp\/v2\/media\/935"}],"wp:attachment":[{"href":"https:\/\/www.silvajardim.rj.gov.br\/index.php\/wp-json\/wp\/v2\/media?parent=934"}],"wp:term":[{"taxonomy":"category","embeddable":true,"href":"https:\/\/www.silvajardim.rj.gov.br\/index.php\/wp-json\/wp\/v2\/categories?post=934"},{"taxonomy":"post_tag","embeddable":true,"href":"https:\/\/www.silvajardim.rj.gov.br\/index.php\/wp-json\/wp\/v2\/tags?post=934"}],"curies":[{"name":"wp","href":"https:\/\/api.w.org\/{rel}","templated":true}]}}